{"id":33534,"date":"2024-11-04T19:03:42","date_gmt":"2024-11-04T22:03:42","guid":{"rendered":"https:\/\/portalnewsgta.com.br\/index.php\/2024\/11\/04\/autor-de-furto-a-loja-e-preso-em-flagrante-pela-policia-civil-e-produtos-sao-recuperados\/"},"modified":"2024-11-04T19:03:42","modified_gmt":"2024-11-04T22:03:42","slug":"autor-de-furto-a-loja-e-preso-em-flagrante-pela-policia-civil-e-produtos-sao-recuperados","status":"publish","type":"post","link":"https:\/\/portalnewsgta.com.br\/index.php\/2024\/11\/04\/autor-de-furto-a-loja-e-preso-em-flagrante-pela-policia-civil-e-produtos-sao-recuperados\/","title":{"rendered":"Autor de furto a loja \u00e9 preso em flagrante pela Pol\u00edcia Civil e produtos s\u00e3o recuperados"},"content":{"rendered":"<div>\n<div id=\"infocoweb\" data-uuid=\"f5cef29d-268d-4afc-9aa7-771ea7098e94\" class=\"infocoweb infocoweb_canal_42\">\n<div id=\"infocoweb_cabecalho\" class=\"infocoweb_cabecalho\"><\/div>\n<div id=\"infocoweb_corpo\" class=\"infocoweb_corpo\"><span class=\"ifn_post_add_feature_image_to_the_top\"><\/span><\/p>\n<p style=\"text-align: justify\">Policiais civis da Delegacia de Mirassol d\u2019Oeste prenderam em flagrante nesta segunda-feira (04.11) o suspeito de um furto a um estabelecimento comercial da cidade e recuperaram os objetos levados da loja.<\/p>\n<p style=\"text-align: justify\">A delegacia foi comunicada pelo propriet\u00e1rio que a loja, localizada no centro da cidade, foi invadida durante a madrugada desta segunda-feira e furtados diversos rel\u00f3gios, brincos e pen drives.<\/p>\n<p style=\"text-align: justify\">Uma equipe de investigadores iniciou as dilig\u00eancias e apurou que o autor do furto usou uma p\u00e1 para arrombar a janela do estabelecimento. Anteriormente, o suspeito havia procurado a Delegacia de Mirassol para registrar o extravio de documento e foi reconhecido como autor de furtos cometidos na regi\u00e3o com as mesmas caracter\u00edsticas do crime ocorrido nesta madrugada.<\/p>\n<p style=\"text-align: justify\">Os policiais seguiram em buscas dilig\u00eancias para localizar o suspeito e o localizaram caminhando pelo Jardim S\u00e3o Paulo. O rapaz, de 24 anos, estava com v\u00e1rios rel\u00f3gios no bra\u00e7o e segurava outros na m\u00e3o. Ao ser questionado sobre os produtos, ele disse, inicialmente, ter trazido de Cuiab\u00e1. Como os rel\u00f3gios coincidiam com os mesmos furtados da loja, o suspeito confessou ser o autor do delito.<\/p>\n<p style=\"text-align: justify\">Ele informou aos investigadores onde deixou o restante dos produtos, localizados em um galp\u00e3o abandonado aos fundos da Par\u00f3quia S\u00e3o Paulo. Todo o material foi apreendido e o suspeito encaminhado \u00e0 unidade da Pol\u00edcia Civil, onde foi autuado em flagrante por furto qualificado.<\/p>\n<p id=\"infocoweb_fonte\" class=\"infocoweb_fonte\">Fonte: Policia Civil MT \u2013 MT<\/p>\n<style>#infocoweb_cabecalho {\n        display: inline-block;\n        margin-top: -75px;\n        position: absolute;\n        right: 0;\n    }\n<\/style>\n<style><\/style>\n<\/div>\n<div id=\"infocoweb_rodape\" class=\"infocoweb_rodape\"><\/div>\n<\/div>\n<p>O post Autor de furto a loja \u00e9 preso em flagrante pela Pol\u00edcia Civil e produtos s\u00e3o recuperados apareceu primeiro em Portal MT.<\/p>\n<\/div>\n","protected":false},"excerpt":{"rendered":"<p>Policiais civis da Delegacia de Mirassol d\u2019Oeste prenderam em flagrante nesta segunda-feira (04.11) o suspeito<\/p>\n","protected":false},"author":2,"featured_media":33535,"comment_status":"registered_only","ping_status":"closed","sticky":false,"template":"","format":"standard","meta":{"footnotes":""},"categories":[8],"tags":[],"aioseo_notices":[],"_links":{"self":[{"href":"https:\/\/portalnewsgta.com.br\/index.php\/wp-json\/wp\/v2\/posts\/33534"}],"collection":[{"href":"https:\/\/portalnewsgta.com.br\/index.php\/wp-json\/wp\/v2\/posts"}],"about":[{"href":"https:\/\/portalnewsgta.com.br\/index.php\/wp-json\/wp\/v2\/types\/post"}],"author":[{"embeddable":true,"href":"https:\/\/portalnewsgta.com.br\/index.php\/wp-json\/wp\/v2\/users\/2"}],"replies":[{"embeddable":true,"href":"https:\/\/portalnewsgta.com.br\/index.php\/wp-json\/wp\/v2\/comments?post=33534"}],"version-history":[{"count":0,"href":"https:\/\/portalnewsgta.com.br\/index.php\/wp-json\/wp\/v2\/posts\/33534\/revisions"}],"wp:featuredmedia":[{"embeddable":true,"href":"https:\/\/portalnewsgta.com.br\/index.php\/wp-json\/wp\/v2\/media\/33535"}],"wp:attachment":[{"href":"https:\/\/portalnewsgta.com.br\/index.php\/wp-json\/wp\/v2\/media?parent=33534"}],"wp:term":[{"taxonomy":"category","embeddable":true,"href":"https:\/\/portalnewsgta.com.br\/index.php\/wp-json\/wp\/v2\/categories?post=33534"},{"taxonomy":"post_tag","embeddable":true,"href":"https:\/\/portalnewsgta.com.br\/index.php\/wp-json\/wp\/v2\/tags?post=33534"}],"curies":[{"name":"wp","href":"https:\/\/api.w.org\/{rel}","templated":true}]}}