{"id":33531,"date":"2024-11-04T19:03:33","date_gmt":"2024-11-04T22:03:33","guid":{"rendered":"https:\/\/portalnewsgta.com.br\/index.php\/2024\/11\/04\/varzea-grande-flavia-moretti-anuncia-novo-secretario-de-servicos-publicos-e-mobilidade-urbana\/"},"modified":"2024-11-04T19:03:33","modified_gmt":"2024-11-04T22:03:33","slug":"varzea-grande-flavia-moretti-anuncia-novo-secretario-de-servicos-publicos-e-mobilidade-urbana","status":"publish","type":"post","link":"https:\/\/portalnewsgta.com.br\/index.php\/2024\/11\/04\/varzea-grande-flavia-moretti-anuncia-novo-secretario-de-servicos-publicos-e-mobilidade-urbana\/","title":{"rendered":"V\u00e1rzea Grande: Fl\u00e1via Moretti anuncia novo secret\u00e1rio de Servi\u00e7os P\u00fablicos e Mobilidade Urbana"},"content":{"rendered":"<div>\n<div id=\"attachment_496824\" style=\"width: 1546px\" class=\"wp-caption aligncenter\">\n<p id=\"caption-attachment-496824\" class=\"wp-caption-text\">Foto- Assessoria<\/p>\n<\/div>\n<p style=\"text-align: justify;\">A prefeita eleita de V\u00e1rzea Grande, Fl\u00e1via Moretti (PL), deu mais um passo em dire\u00e7\u00e3o \u00e0 forma\u00e7\u00e3o de sua equipe de governo ao anunciar Celso Luiz Pereira como o novo secret\u00e1rio municipal de Servi\u00e7os P\u00fablicos e Mobilidade Urbana. Celso, que foi coordenador geral da campanha de Fl\u00e1via, traz consigo uma vasta experi\u00eancia, acumulada ao longo de mais de 20 anos como empres\u00e1rio nas \u00e1reas de engenharia el\u00e9trica e civil.<\/p>\n<p style=\"text-align: justify;\">A escolha de Celso, que \u00e9 analista de sistemas, para essa posi\u00e7\u00e3o estrat\u00e9gica reflete a inten\u00e7\u00e3o de Fl\u00e1via em implementar uma gest\u00e3o focada na efici\u00eancia e na moderniza\u00e7\u00e3o dos servi\u00e7os p\u00fablicos da cidade. Ele ser\u00e1 respons\u00e1vel por uma das principais pastas da prefeitura, fundamental para o desenvolvimento urbano e a mobilidade.<\/p>\n<p style=\"text-align: justify;\">Esse \u00e9 o segundo nome confirmado por Moretti em sua equipe. O primeiro foi o de seu esposo, Carlos Alberto de Araujo, indicado para a Secretaria de Assuntos Estrat\u00e9gicos.<\/p>\n<p style=\"text-align: justify;\">Fl\u00e1via Moretti tamb\u00e9m deve anunciar, at\u00e9 o final desta semana, os novos secret\u00e1rios de Governo e Comunica\u00e7\u00e3o de V\u00e1rzea Grande.<\/p>\n<\/p>\n<p>O post V\u00e1rzea Grande: Fl\u00e1via Moretti anuncia novo secret\u00e1rio de Servi\u00e7os P\u00fablicos e Mobilidade Urbana apareceu primeiro em Portal MT.<\/p>\n<\/div>\n","protected":false},"excerpt":{"rendered":"<p>Foto- Assessoria A prefeita eleita de V\u00e1rzea Grande, Fl\u00e1via Moretti (PL), deu mais um passo<\/p>\n","protected":false},"author":2,"featured_media":33532,"comment_status":"registered_only","ping_status":"closed","sticky":false,"template":"","format":"standard","meta":{"footnotes":""},"categories":[2],"tags":[],"aioseo_notices":[],"_links":{"self":[{"href":"https:\/\/portalnewsgta.com.br\/index.php\/wp-json\/wp\/v2\/posts\/33531"}],"collection":[{"href":"https:\/\/portalnewsgta.com.br\/index.php\/wp-json\/wp\/v2\/posts"}],"about":[{"href":"https:\/\/portalnewsgta.com.br\/index.php\/wp-json\/wp\/v2\/types\/post"}],"author":[{"embeddable":true,"href":"https:\/\/portalnewsgta.com.br\/index.php\/wp-json\/wp\/v2\/users\/2"}],"replies":[{"embeddable":true,"href":"https:\/\/portalnewsgta.com.br\/index.php\/wp-json\/wp\/v2\/comments?post=33531"}],"version-history":[{"count":0,"href":"https:\/\/portalnewsgta.com.br\/index.php\/wp-json\/wp\/v2\/posts\/33531\/revisions"}],"wp:featuredmedia":[{"embeddable":true,"href":"https:\/\/portalnewsgta.com.br\/index.php\/wp-json\/wp\/v2\/media\/33532"}],"wp:attachment":[{"href":"https:\/\/portalnewsgta.com.br\/index.php\/wp-json\/wp\/v2\/media?parent=33531"}],"wp:term":[{"taxonomy":"category","embeddable":true,"href":"https:\/\/portalnewsgta.com.br\/index.php\/wp-json\/wp\/v2\/categories?post=33531"},{"taxonomy":"post_tag","embeddable":true,"href":"https:\/\/portalnewsgta.com.br\/index.php\/wp-json\/wp\/v2\/tags?post=33531"}],"curies":[{"name":"wp","href":"https:\/\/api.w.org\/{rel}","templated":true}]}}