{"id":33529,"date":"2024-11-04T19:03:29","date_gmt":"2024-11-04T22:03:29","guid":{"rendered":"https:\/\/portalnewsgta.com.br\/index.php\/2024\/11\/04\/sesp-envia-equipes-das-policias-militar-e-civil-para-lucas-do-rio-verde\/"},"modified":"2024-11-04T19:03:29","modified_gmt":"2024-11-04T22:03:29","slug":"sesp-envia-equipes-das-policias-militar-e-civil-para-lucas-do-rio-verde","status":"publish","type":"post","link":"https:\/\/portalnewsgta.com.br\/index.php\/2024\/11\/04\/sesp-envia-equipes-das-policias-militar-e-civil-para-lucas-do-rio-verde\/","title":{"rendered":"Sesp envia equipes das Pol\u00edcias Militar e Civil para Lucas do Rio Verde"},"content":{"rendered":"<div>\n<div id=\"infocoweb\" data-uuid=\"502d7afb-15d7-4d01-a82d-e8316a268b50\" class=\"infocoweb infocoweb_canal_61\">\n<div id=\"infocoweb_cabecalho\" class=\"infocoweb_cabecalho\"><\/div>\n<div id=\"infocoweb_corpo\" class=\"infocoweb_corpo\"><span class=\"ifn_post_add_feature_image_to_the_top\"><\/span><\/p>\n<p style=\"text-align: justify\">A Secretaria de Estado de Seguran\u00e7a P\u00fablica (Sesp) enviou, nesta segunda-feira (04.11), equipes de policiais civis e militares de Cuiab\u00e1 para refor\u00e7ar a seguran\u00e7a na cidade de Lucas do Rio Verde (a 330 km de Cuiab\u00e1), ap\u00f3s atentado a um escrit\u00f3rio de advocacia ocorrido no \u00faltimo s\u00e1bado (02). <\/p>\n<p style=\"text-align: justify\">Dois homens em uma motocicleta foram flagrados efetuando disparos contra o local. At\u00e9 o momento, sete pessoas foram detidas, das quais duas confessaram ser o autor e o passageiro da moto que realizaram o atentado ao escrit\u00f3rio. <\/p>\n<p style=\"text-align: justify\">Ao todo, foram deslocadas duas equipes da Rondas Ostensivas T\u00e1tico M\u00f3vel (Rotam) e uma do motopatrulhamento do Rondas e A\u00e7\u00f5es Intensivas e Ostensivas (Raio), da Pol\u00edcia Militar, al\u00e9m de duas do Grupo de Opera\u00e7\u00f5es Especiais (GOE) e uma da Ger\u00eancia de Combate ao Crime Organizado (GCCO) da Pol\u00edcia Civil, para intensificar as rondas ostensivas e repressivas, assim como os procedimentos de investiga\u00e7\u00e3o. <\/p>\n<p style=\"text-align:center\"><source><img decoding=\"async\" alt=\"\" height=\"267\" src=\"https:\/\/www.secom.mt.gov.br\/documents\/d\/sesp\/mat-goe-jpg?imageThumbnail=3\">      <\/source><\/p>\n<p style=\"text-align: justify\"> O secret\u00e1rio de Seguran\u00e7a P\u00fablica, coronel PM C\u00e9sar Roveri, destacou que as for\u00e7as policiais iniciaram uma opera\u00e7\u00e3o integrada voltada para apura\u00e7\u00e3o do atentado e para garantia da seguran\u00e7a da popula\u00e7\u00e3o de Lucas do Rio Verde.<\/p>\n<p style=\"text-align: justify\">\u201cDesde o primeiro momento, as pol\u00edcias Civil e Militar entraram em a\u00e7\u00e3o e, ao longo desta semana, realizaremos uma opera\u00e7\u00e3o cont\u00ednua, que abrange tanto a investiga\u00e7\u00e3o do atentado, quanto a repress\u00e3o a outras a\u00e7\u00f5es criminosas envolvendo os suspeitos detidos\u201d, afirmou.<\/p>\n<p><strong>Investiga\u00e7\u00e3o e pris\u00f5es<\/strong><\/p>\n<p style=\"text-align: justify\">A Pol\u00edcia Civil de Lucas do Rio Verde, assim que tomou conhecimento dos fatos, iniciou as investiga\u00e7\u00f5es para apurar a motiva\u00e7\u00e3o e identificar os autores dos crimes. Foram abertos os procedimentos com solicita\u00e7\u00f5es de per\u00edcia aos locais atingidos, escuta da v\u00edtima e outras testemunhas, al\u00e9m de realizar dilig\u00eancias constantes para esclarecer a motiva\u00e7\u00e3o dos ataques.<\/p>\n<p style=\"text-align: justify\">A Pol\u00edcia Militar, por meio do 13\u00ba Batalh\u00e3o e da Cavalaria de Lucas do Rio Verde, iniciou dilig\u00eancias para localizar os envolvidos. Na noite de s\u00e1bado, por volta das 21h, uma equipe da Cavalaria abordou um ve\u00edculo Fiat Uno, que sa\u00eda de uma resid\u00eancia no bairro Jaime Seiti Fuji de forma suspeita.<\/p>\n<p>Durante a revista pessoal e a vistoria no carro, os policiais encontraram R$ 6,3 mil em dinheiro e por\u00e7\u00f5es de maconha e coca\u00edna. Questionado pela PM, o suspeito afirmou ser integrante de uma fac\u00e7\u00e3o criminosa respons\u00e1vel pela distribui\u00e7\u00e3o de drogas e recolhimento do dinheiro proveniente do tr\u00e1fico de entorpecentes.<\/p>\n<p>Para a PM, o criminoso tamb\u00e9m afirmou possuir mais drogas dentro da casa de onde havia sa\u00eddo. Os policiais retornaram ao local e encontraram mais quatro tabletes de maconha e outras por\u00e7\u00f5es de entorpecentes. <\/p>\n<p>Tamb\u00e9m na casa, foram localizadas oito muni\u00e7\u00f5es de calibre .40. Ao ser perguntado sobre o material, o suspeito confessou que teria sido o autor dos tiros que atingiram o escrit\u00f3rio de advocacia. O homem ainda afirmou que o crime foi a mando da mesma fac\u00e7\u00e3o a qual pertence, por conta de um suposto desacordo comercial.  <\/p>\n<p style=\"text-align:center\"><source><img decoding=\"async\" alt=\"\" height=\"267\" src=\"https:\/\/www.secom.mt.gov.br\/documents\/d\/sesp\/whatsapp-image-2024-11-04-at-10-21-21-jpeg?imageThumbnail=3\">      <\/source><\/p>\n<p> Na manh\u00e3 de domingo (03), a resid\u00eancia do advogado foi novamente alvo de disparos. Na mesma noite, por volta das 21h, um segundo suspeito foi preso em uma resid\u00eancia e confessou ter participado do atentado ao escrit\u00f3rio junto ao primeiro suspeito detido. No local, a pol\u00edcia prendeu mais dois homens e apreendeu 34 por\u00e7\u00f5es de maconha e tr\u00eas de coca\u00edna, todas prontas para venda. Os tr\u00eas suspeitos foram encaminhados para averigua\u00e7\u00e3o na delegacia. <\/p>\n<p style=\"text-align:center\"><source><img decoding=\"async\" alt=\"\" height=\"267\" src=\"https:\/\/www.secom.mt.gov.br\/documents\/d\/sesp\/whatsapp-image-2024-11-04-at-10-20-37-jpeg?imageThumbnail=3\">      <\/source><\/p>\n<p>Mais tarde, outra equipe da Cavalaria avistou um homem correndo para o interior de uma casa ao perceber a aproxima\u00e7\u00e3o da viatura, carregando uma camiseta nas m\u00e3os. Os policiais fizeram acompanhamento e no im\u00f3vel, encontraram mais dois suspeitos . <\/p>\n<p>A camiseta que o suspeito segurava tinha carater\u00edsticas semelhantes as utilizadas pelos autores dos disparos ao escrit\u00f3rio de advocacia. Diante dos fatos, o trio foi encaminhado para Delegacia de Pol\u00edcia para averigua\u00e7\u00e3o.<\/p>\n<p id=\"infocoweb_fonte\" class=\"infocoweb_fonte\">Fonte: Governo MT \u2013 MT<\/p>\n<style>#infocoweb_cabecalho {\n        display: inline-block;\n        margin-top: -75px;\n        position: absolute;\n        right: 0;\n    }\n<\/style>\n<style><\/style>\n<\/div>\n<div id=\"infocoweb_rodape\" class=\"infocoweb_rodape\"><\/div>\n<\/div>\n<p>O post Sesp envia equipes das Pol\u00edcias Militar e Civil para Lucas do Rio Verde apareceu primeiro em Portal MT.<\/p>\n<\/div>\n","protected":false},"excerpt":{"rendered":"<p>A Secretaria de Estado de Seguran\u00e7a P\u00fablica (Sesp) enviou, nesta segunda-feira (04.11), equipes de policiais<\/p>\n","protected":false},"author":2,"featured_media":33530,"comment_status":"registered_only","ping_status":"closed","sticky":false,"template":"","format":"standard","meta":{"footnotes":""},"categories":[7],"tags":[],"aioseo_notices":[],"_links":{"self":[{"href":"https:\/\/portalnewsgta.com.br\/index.php\/wp-json\/wp\/v2\/posts\/33529"}],"collection":[{"href":"https:\/\/portalnewsgta.com.br\/index.php\/wp-json\/wp\/v2\/posts"}],"about":[{"href":"https:\/\/portalnewsgta.com.br\/index.php\/wp-json\/wp\/v2\/types\/post"}],"author":[{"embeddable":true,"href":"https:\/\/portalnewsgta.com.br\/index.php\/wp-json\/wp\/v2\/users\/2"}],"replies":[{"embeddable":true,"href":"https:\/\/portalnewsgta.com.br\/index.php\/wp-json\/wp\/v2\/comments?post=33529"}],"version-history":[{"count":0,"href":"https:\/\/portalnewsgta.com.br\/index.php\/wp-json\/wp\/v2\/posts\/33529\/revisions"}],"wp:featuredmedia":[{"embeddable":true,"href":"https:\/\/portalnewsgta.com.br\/index.php\/wp-json\/wp\/v2\/media\/33530"}],"wp:attachment":[{"href":"https:\/\/portalnewsgta.com.br\/index.php\/wp-json\/wp\/v2\/media?parent=33529"}],"wp:term":[{"taxonomy":"category","embeddable":true,"href":"https:\/\/portalnewsgta.com.br\/index.php\/wp-json\/wp\/v2\/categories?post=33529"},{"taxonomy":"post_tag","embeddable":true,"href":"https:\/\/portalnewsgta.com.br\/index.php\/wp-json\/wp\/v2\/tags?post=33529"}],"curies":[{"name":"wp","href":"https:\/\/api.w.org\/{rel}","templated":true}]}}