{"id":33525,"date":"2024-11-04T19:03:22","date_gmt":"2024-11-04T22:03:22","guid":{"rendered":"https:\/\/portalnewsgta.com.br\/index.php\/2024\/11\/04\/escola-de-governo-esta-com-inscricoes-abertas-para-curso-saude-mental-na-administracao-publica\/"},"modified":"2024-11-04T19:03:22","modified_gmt":"2024-11-04T22:03:22","slug":"escola-de-governo-esta-com-inscricoes-abertas-para-curso-saude-mental-na-administracao-publica","status":"publish","type":"post","link":"https:\/\/portalnewsgta.com.br\/index.php\/2024\/11\/04\/escola-de-governo-esta-com-inscricoes-abertas-para-curso-saude-mental-na-administracao-publica\/","title":{"rendered":"Escola de Governo est\u00e1 com inscri\u00e7\u00f5es abertas para curso Sa\u00fade Mental na Administra\u00e7\u00e3o P\u00fablica"},"content":{"rendered":"<div>\n<div id=\"infocoweb\" data-uuid=\"b036327f-647e-4aeb-9a6b-5170213f9528\" class=\"infocoweb infocoweb_canal_61\">\n<div id=\"infocoweb_cabecalho\" class=\"infocoweb_cabecalho\"><\/div>\n<div id=\"infocoweb_corpo\" class=\"infocoweb_corpo\"><span class=\"ifn_post_add_feature_image_to_the_top\"><\/span><\/p>\n<p style=\"text-align: justify\">A Secretaria de Estado de Planejamento e Gest\u00e3o (Seplag-MT), por meio da Escola de Governo, est\u00e1 com inscri\u00e7\u00f5es abertas para o curso Sa\u00fade Mental na Administra\u00e7\u00e3o P\u00fablica.  S\u00e3o oferecidas 400 vagas exclusivas para servidores p\u00fablicos estaduais e as inscri\u00e7\u00f5es v\u00e3o at\u00e9 o dia 11 de novembro.<\/p>\n<p style=\"text-align: justify\">Os participantes ir\u00e3o aprender, em quatro m\u00f3dulos, a habilidade de reconhecer e lidar com os fatores que tem consequ\u00eancias na sa\u00fade mental, por meio de estrat\u00e9gias de interven\u00e7\u00e3o, suporte e autocuidado.<\/p>\n<p style=\"text-align: justify\">A programa\u00e7\u00e3o prev\u00ea encontros online para esclarecimentos de d\u00favidas e orienta\u00e7\u00f5es. Os cursistas que conclu\u00edrem a carga hor\u00e1ria e as atividades propostas receber\u00e3o um certificado de 20 horas-aula.<\/p>\n<p style=\"text-align: justify\">Os interessados devem se inscrever, clicando neste link. <\/p>\n<p style=\"text-align: justify\"><em>*Com supervis\u00e3o de Dayanne Santana<\/em><\/p>\n<p id=\"infocoweb_fonte\" class=\"infocoweb_fonte\">Fonte: Governo MT \u2013 MT<\/p>\n<style>#infocoweb_cabecalho {\n        display: inline-block;\n        margin-top: -75px;\n        position: absolute;\n        right: 0;\n    }\n<\/style>\n<style><\/style>\n<\/div>\n<div id=\"infocoweb_rodape\" class=\"infocoweb_rodape\"><\/div>\n<\/div>\n<p>O post Escola de Governo est\u00e1 com inscri\u00e7\u00f5es abertas para curso Sa\u00fade Mental na Administra\u00e7\u00e3o P\u00fablica apareceu primeiro em Portal MT.<\/p>\n<\/div>\n","protected":false},"excerpt":{"rendered":"<p>A Secretaria de Estado de Planejamento e Gest\u00e3o (Seplag-MT), por meio da Escola de Governo,<\/p>\n","protected":false},"author":2,"featured_media":33526,"comment_status":"registered_only","ping_status":"closed","sticky":false,"template":"","format":"standard","meta":{"footnotes":""},"categories":[7],"tags":[],"aioseo_notices":[],"_links":{"self":[{"href":"https:\/\/portalnewsgta.com.br\/index.php\/wp-json\/wp\/v2\/posts\/33525"}],"collection":[{"href":"https:\/\/portalnewsgta.com.br\/index.php\/wp-json\/wp\/v2\/posts"}],"about":[{"href":"https:\/\/portalnewsgta.com.br\/index.php\/wp-json\/wp\/v2\/types\/post"}],"author":[{"embeddable":true,"href":"https:\/\/portalnewsgta.com.br\/index.php\/wp-json\/wp\/v2\/users\/2"}],"replies":[{"embeddable":true,"href":"https:\/\/portalnewsgta.com.br\/index.php\/wp-json\/wp\/v2\/comments?post=33525"}],"version-history":[{"count":0,"href":"https:\/\/portalnewsgta.com.br\/index.php\/wp-json\/wp\/v2\/posts\/33525\/revisions"}],"wp:featuredmedia":[{"embeddable":true,"href":"https:\/\/portalnewsgta.com.br\/index.php\/wp-json\/wp\/v2\/media\/33526"}],"wp:attachment":[{"href":"https:\/\/portalnewsgta.com.br\/index.php\/wp-json\/wp\/v2\/media?parent=33525"}],"wp:term":[{"taxonomy":"category","embeddable":true,"href":"https:\/\/portalnewsgta.com.br\/index.php\/wp-json\/wp\/v2\/categories?post=33525"},{"taxonomy":"post_tag","embeddable":true,"href":"https:\/\/portalnewsgta.com.br\/index.php\/wp-json\/wp\/v2\/tags?post=33525"}],"curies":[{"name":"wp","href":"https:\/\/api.w.org\/{rel}","templated":true}]}}