{"id":33523,"date":"2024-11-04T19:03:19","date_gmt":"2024-11-04T22:03:19","guid":{"rendered":"https:\/\/portalnewsgta.com.br\/index.php\/2024\/11\/04\/governo-de-mt-lamenta-falecimento-da-mae-de-desembargador\/"},"modified":"2024-11-04T19:03:19","modified_gmt":"2024-11-04T22:03:19","slug":"governo-de-mt-lamenta-falecimento-da-mae-de-desembargador","status":"publish","type":"post","link":"https:\/\/portalnewsgta.com.br\/index.php\/2024\/11\/04\/governo-de-mt-lamenta-falecimento-da-mae-de-desembargador\/","title":{"rendered":"Governo de MT lamenta falecimento da m\u00e3e de desembargador"},"content":{"rendered":"<div>\n<div id=\"infocoweb\" data-uuid=\"f1d09b54-3cf3-4205-827d-34642e1f7289\" class=\"infocoweb infocoweb_canal_61\">\n<div id=\"infocoweb_cabecalho\" class=\"infocoweb_cabecalho\"><\/div>\n<div id=\"infocoweb_corpo\" class=\"infocoweb_corpo\"><span class=\"ifn_post_add_feature_image_to_the_top\"><\/span><\/p>\n<p style=\"text-align: justify\">O Governo de Mato Grosso lamenta o falecimento de Nair Ferrarezi Giraldelli, m\u00e3e do desembargador do Tribunal de Justi\u00e7a de Mato Grosso, Gilberto Giraldelli, em S\u00e3o Jos\u00e9 do Rio Preto (SP).<\/p>\n<p style=\"text-align: justify\">O governador Mauro Mendes e a primeira-dama Virginia Mendes prestaram condol\u00eancias \u00e0 fam\u00edla.  <\/p>\n<p style=\"text-align: justify\">\u201cLamentamos profundamente a perda do desembargador Giraldelli, e pedimos que Deus possa dar for\u00e7as e consolo \u00e0 fam\u00edlia nesse momento de profunda tristeza\u201d, manifestaram.<\/p>\n<p id=\"infocoweb_fonte\" class=\"infocoweb_fonte\">Fonte: Governo MT \u2013 MT<\/p>\n<style>#infocoweb_cabecalho {\n        display: inline-block;\n        margin-top: -75px;\n        position: absolute;\n        right: 0;\n    }\n<\/style>\n<style><\/style>\n<\/div>\n<div id=\"infocoweb_rodape\" class=\"infocoweb_rodape\"><\/div>\n<\/div>\n<p>O post Governo de MT lamenta falecimento da m\u00e3e de desembargador apareceu primeiro em Portal MT.<\/p>\n<\/div>\n","protected":false},"excerpt":{"rendered":"<p>O Governo de Mato Grosso lamenta o falecimento de Nair Ferrarezi Giraldelli, m\u00e3e do desembargador<\/p>\n","protected":false},"author":2,"featured_media":33524,"comment_status":"registered_only","ping_status":"closed","sticky":false,"template":"","format":"standard","meta":{"footnotes":""},"categories":[7],"tags":[],"aioseo_notices":[],"_links":{"self":[{"href":"https:\/\/portalnewsgta.com.br\/index.php\/wp-json\/wp\/v2\/posts\/33523"}],"collection":[{"href":"https:\/\/portalnewsgta.com.br\/index.php\/wp-json\/wp\/v2\/posts"}],"about":[{"href":"https:\/\/portalnewsgta.com.br\/index.php\/wp-json\/wp\/v2\/types\/post"}],"author":[{"embeddable":true,"href":"https:\/\/portalnewsgta.com.br\/index.php\/wp-json\/wp\/v2\/users\/2"}],"replies":[{"embeddable":true,"href":"https:\/\/portalnewsgta.com.br\/index.php\/wp-json\/wp\/v2\/comments?post=33523"}],"version-history":[{"count":0,"href":"https:\/\/portalnewsgta.com.br\/index.php\/wp-json\/wp\/v2\/posts\/33523\/revisions"}],"wp:featuredmedia":[{"embeddable":true,"href":"https:\/\/portalnewsgta.com.br\/index.php\/wp-json\/wp\/v2\/media\/33524"}],"wp:attachment":[{"href":"https:\/\/portalnewsgta.com.br\/index.php\/wp-json\/wp\/v2\/media?parent=33523"}],"wp:term":[{"taxonomy":"category","embeddable":true,"href":"https:\/\/portalnewsgta.com.br\/index.php\/wp-json\/wp\/v2\/categories?post=33523"},{"taxonomy":"post_tag","embeddable":true,"href":"https:\/\/portalnewsgta.com.br\/index.php\/wp-json\/wp\/v2\/tags?post=33523"}],"curies":[{"name":"wp","href":"https:\/\/api.w.org\/{rel}","templated":true}]}}