{"id":33517,"date":"2024-11-04T18:42:57","date_gmt":"2024-11-04T21:42:57","guid":{"rendered":"https:\/\/portalnewsgta.com.br\/index.php\/2024\/11\/04\/adriane-galisteu-faz-declaracao-a-senna-em-semana-de-homenagens\/"},"modified":"2024-11-04T18:42:57","modified_gmt":"2024-11-04T21:42:57","slug":"adriane-galisteu-faz-declaracao-a-senna-em-semana-de-homenagens","status":"publish","type":"post","link":"https:\/\/portalnewsgta.com.br\/index.php\/2024\/11\/04\/adriane-galisteu-faz-declaracao-a-senna-em-semana-de-homenagens\/","title":{"rendered":"Adriane Galisteu faz declara\u00e7\u00e3o a Senna em semana de homenagens"},"content":{"rendered":"<p>S\u00c3O PAULO, SP (FOLHAPRESS) &#8211; Adriane Galisteu fez uma declara\u00e7\u00e3o a Ayrton Senna neste domingo (3), no fim de semana em que o GP de S\u00e3o Paulo de F1 realizou uma s\u00e9rie de homenagens para lembrar os 30 anos da morte do piloto.<\/p>\n<div class=\"dummyPub\">\u00a0<\/div>\n<p>&#8220;Um domingo emocionante. Foram tantas homenagens lindas, at\u00e9 a chuva foi para voc\u00ea&#8221;, a apresentadora escreveu nas redes sociais.<\/p>\n<p>O post foi publicado ao som de &#8220;Two Hearts&#8221;, de Phil Collins. &#8220;A trilha sonora n\u00e3o podia ser outra&#8221;, ela escreveu. A apresentadora j\u00e1 contou em entrevistas que as m\u00fasicas do cantor foram as \u00faltimas ouvidas pelo piloto.<\/p>\n<div><a href=\"https:\/\/www.instagram.com\/p\/DB7nVK5x_nP\/?utm_source=ig_embed&amp;utm_campaign=loading\" target=\"_blank\" rel=\"noopener\"><\/p>\n<div>\n<div>\u00a0<\/div>\n<div>\n<div>\u00a0<\/div>\n<div>\u00a0<\/div>\n<\/div>\n<\/div>\n<div>\u00a0<\/div>\n<div>\u00a0<\/div>\n<div>\n<div>Ver essa foto no Instagram<\/div>\n<\/div>\n<div>\u00a0<\/div>\n<div>\n<div>\n<div>\u00a0<\/div>\n<div>\u00a0<\/div>\n<div>\u00a0<\/div>\n<\/div>\n<div>\n<div>\u00a0<\/div>\n<div>\u00a0<\/div>\n<\/div>\n<div>\n<div>\u00a0<\/div>\n<div>\u00a0<\/div>\n<div>\u00a0<\/div>\n<\/div>\n<\/div>\n<div>\n<div>\u00a0<\/div>\n<div>\u00a0<\/div>\n<\/div>\n<p><\/a><\/p>\n<p><a href=\"https:\/\/www.instagram.com\/p\/DB7nVK5x_nP\/?utm_source=ig_embed&amp;utm_campaign=loading\" target=\"_blank\" rel=\"noopener\">Uma publica\u00e7\u00e3o compartilhada por Adriane Galisteu (@galisteuoficial)<\/a><\/p>\n<\/div>\n<p>Ex-namorada de Senna, Galisteu postou uma foto em que aparece ao lado dele, outra em que segura o capacete usado pelo piloto, uma dele no carro e outra de Lewis Hamilton, na homenagem realizada durante o GP.<\/p>\n<p>O piloto ingl\u00eas, sete vezes campe\u00e3o mundial, pilotou a McLaren com a qual Senna conquistou o segundo de seus tr\u00eas t\u00edtulos mundiais.<\/p>\n<p>F\u00e3 do brasileiro, Hamilton levou o p\u00fablico em Interlagos ao del\u00edrio ao desfilar com o carro, al\u00e9m de usar um capacete com as cores do Brasil.<\/p>\n<p>O ingl\u00eas pegou uma bandeira do Brasil e repetiu o gesto que ficou marcado por Senna, desfilando com a fl\u00e2mula.<\/p>\n<p>Fonte: noticiasaominuto.com.br<\/p>\n","protected":false},"excerpt":{"rendered":"<p>S\u00c3O PAULO, SP (FOLHAPRESS) &#8211; Adriane Galisteu fez uma declara\u00e7\u00e3o a Ayrton Senna neste domingo<\/p>\n","protected":false},"author":0,"featured_media":33518,"comment_status":"open","ping_status":"open","sticky":false,"template":"","format":"standard","meta":{"footnotes":""},"categories":[6],"tags":[],"aioseo_notices":[],"_links":{"self":[{"href":"https:\/\/portalnewsgta.com.br\/index.php\/wp-json\/wp\/v2\/posts\/33517"}],"collection":[{"href":"https:\/\/portalnewsgta.com.br\/index.php\/wp-json\/wp\/v2\/posts"}],"about":[{"href":"https:\/\/portalnewsgta.com.br\/index.php\/wp-json\/wp\/v2\/types\/post"}],"replies":[{"embeddable":true,"href":"https:\/\/portalnewsgta.com.br\/index.php\/wp-json\/wp\/v2\/comments?post=33517"}],"version-history":[{"count":0,"href":"https:\/\/portalnewsgta.com.br\/index.php\/wp-json\/wp\/v2\/posts\/33517\/revisions"}],"wp:featuredmedia":[{"embeddable":true,"href":"https:\/\/portalnewsgta.com.br\/index.php\/wp-json\/wp\/v2\/media\/33518"}],"wp:attachment":[{"href":"https:\/\/portalnewsgta.com.br\/index.php\/wp-json\/wp\/v2\/media?parent=33517"}],"wp:term":[{"taxonomy":"category","embeddable":true,"href":"https:\/\/portalnewsgta.com.br\/index.php\/wp-json\/wp\/v2\/categories?post=33517"},{"taxonomy":"post_tag","embeddable":true,"href":"https:\/\/portalnewsgta.com.br\/index.php\/wp-json\/wp\/v2\/tags?post=33517"}],"curies":[{"name":"wp","href":"https:\/\/api.w.org\/{rel}","templated":true}]}}