{"id":33511,"date":"2024-11-04T18:02:58","date_gmt":"2024-11-04T21:02:58","guid":{"rendered":"https:\/\/portalnewsgta.com.br\/index.php\/2024\/11\/04\/governador-e-primeira-dama-impulsionam-conexao-entre-mt-e-emirados-arabes-durante-evento-mundial\/"},"modified":"2024-11-04T18:02:58","modified_gmt":"2024-11-04T21:02:58","slug":"governador-e-primeira-dama-impulsionam-conexao-entre-mt-e-emirados-arabes-durante-evento-mundial","status":"publish","type":"post","link":"https:\/\/portalnewsgta.com.br\/index.php\/2024\/11\/04\/governador-e-primeira-dama-impulsionam-conexao-entre-mt-e-emirados-arabes-durante-evento-mundial\/","title":{"rendered":"Governador e primeira-dama impulsionam conex\u00e3o entre MT e Emirados \u00c1rabes durante evento mundial"},"content":{"rendered":"<div>\n<div id=\"infocoweb\" data-uuid=\"46920476-8cfa-492e-9468-4900ee576483\" class=\"infocoweb infocoweb_canal_61\">\n<div id=\"infocoweb_cabecalho\" class=\"infocoweb_cabecalho\"><\/div>\n<div id=\"infocoweb_corpo\" class=\"infocoweb_corpo\"><span class=\"ifn_post_add_feature_image_to_the_top\"><\/span><\/p>\n<p style=\"text-align: justify\">Nesta segunda-feira (04.11), a primeira-dama de Mato Grosso, Virginia Mendes, o governador Mauro Mendes e o secret\u00e1rio de Estado de Cultura, Esporte e Lazer, David Moura, participaram da confer\u00eancia do 16\u00ba Campeonato Mundial de Jiu-jitsu de Abu Dhabi, ao lado de importantes empres\u00e1rios, autoridades do esporte e investidores do segmento. A primeira-dama do Estado \u00e9 Embaixadora Mundial e Madrinha Nacional do Esporte. <\/p>\n<p style=\"text-align: justify\">Eles foram recepcionados pelo gerente da Federa\u00e7\u00e3o Internacional de Jiu-jitsu dos Emirados (UAEJJF), Fahad Alshami; pelo Gerente Geral do Abu Dhabi Jiu-jitsu Pro (AJP) e tamb\u00e9m da UAEJJF, Tareq Al Bahri e S\u00e9rgio Omizolo, coordenador do maior evento de jiu-j\u00edtsu do mundo, que conta com a presen\u00e7a de 126 pa\u00edses e cerca de 5 mil participantes, entre competidores e convidados.<\/p>\n<p style=\"text-align: justify\">Tamb\u00e9m integraram a comitiva de Mato Grosso o presidente da Federa\u00e7\u00e3o Brasileira de Jiu-J\u00edtsu de Parajiu-J\u00edtsu (FBJJP) e da Associa\u00e7\u00e3o Mato-Grossense de Jiu-jitsu Paradesportivo (AMJJP), Elcirley Luz, al\u00e9m dos empres\u00e1rios M\u00e1rio Aleixo, Diogo Neto e H\u00e9lio Schorr.<\/p>\n<p style=\"text-align: justify\">A primeira-dama Virginia Mendes falou sobre a conex\u00e3o de Mato Grosso com os Emirados \u00c1rabes Unidos atrav\u00e9s do esporte.<\/p>\n<p style=\"text-align: justify\">\u201c\u00c9 uma honra participar deste evento acompanhada do governador Mauro Mendes e do secret\u00e1rio David Moura. Compreendemos o quanto essa conex\u00e3o do esporte \u00e9 importante para o nosso Estado com Abu Dhabi, porque eles enxergam na categoria uma grande oportunidade de oferecer \u00e0s pessoas perspectivas, organiza\u00e7\u00e3o, seguran\u00e7a e disciplina. Com tudo isso, muitas conquistas foram e t\u00eam sido alcan\u00e7adas\u201d, destacou Virginia Mendes.<\/p>\n<p style=\"text-align:center\"><source><img decoding=\"async\" alt=\"\" height=\"267\" src=\"https:\/\/www.secom.mt.gov.br\/documents\/d\/mt\/vm1-jpeg\">         <\/source><\/p>\n<p style=\"text-align: justify\"> Ela tamb\u00e9m ressaltou o quanto o esporte, especialmente na categoria de Parajiu-Jitsu, tem transformado vidas. \u201c\u00c9 incr\u00edvel o que esse esporte \u00e9 capaz de fazer na vida das pessoas. Adultos, jovens e crian\u00e7as com defici\u00eancia, algum tipo de transtorno ou depress\u00e3o est\u00e3o conquistando uma nova vida, com perspectivas. Isso \u00e9 inclus\u00e3o\u201d, enfatizou Virginia Mendes.<\/p>\n<p style=\"text-align: justify\">Fahad Alshami pontuou que o campeonato \u00e9 mais do que uma disputa, sendo o esporte um elo de desenvolvimento social e econ\u00f4mico.<\/p>\n<p style=\"text-align: justify\">\u201cO foco do esporte n\u00e3o \u00e9 apenas em um campeonato que determina vit\u00f3rias e derrotas, mas em promover a uni\u00e3o e o fortalecimento da sociedade, definindo o relacionamento e a intera\u00e7\u00e3o entre as pessoas. Foi a partir dessa categoria que percebemos como poder\u00edamos construir uma sociedade dentro de padr\u00f5es \u00e9ticos, morais e saud\u00e1veis\u201d, ressaltou.<\/p>\n<p style=\"text-align: justify\">Os Emirados \u00c1rabes Unidos t\u00eam uma forte conex\u00e3o com o jiu-jitsu, e Abu Dhabi se tornou um centro global para o esporte. Com isso, a categoria passou a ser um campo inovador para investimentos, sendo cada vez mais valorizada por l\u00edderes empresariais em in\u00fameros pa\u00edses.<\/p>\n<p style=\"text-align: justify\">Para o governador Mauro Mendes essa aproxima\u00e7\u00e3o do Estado com Abu Dhabi incentiva  a amplia\u00e7\u00e3o do esporte e as rela\u00e7\u00f5es de neg\u00f3cios.<\/p>\n<p style=\"text-align: justify\">\u201cFicamos impressionados como o esporte pode transformar a cultura local e a vida das pessoas, e Abu Dhabi \u00e9 um exemplo de que isso funciona. Esse exemplo de sucesso nos motiva a investir ainda mais no esporte e nos projetos sociais de fomento ao esporte, que t\u00eam sido incentivados pela primeira-dama. Temos uma boa rela\u00e7\u00e3o com o pa\u00eds, e essa conex\u00e3o tende a fortalecer ainda mais nossos la\u00e7os\u201d, registrou o governador.<\/p>\n<p style=\"text-align:center\"><source><img decoding=\"async\" alt=\"\" height=\"267\" src=\"https:\/\/www.secom.mt.gov.br\/documents\/d\/mt\/vm2-jpeg\">         <\/source><\/p>\n<p style=\"text-align: justify\"> Durante a confer\u00eancia, a primeira-dama Virginia Mendes tamb\u00e9m conheceu a vice-presidente de Experi\u00eancia do Cliente e Marketing na Al Tayer Motors, Sra. Mona Hasan Sadoun, a diretora do setor de Bancos de Consumo do Primeiro Banco de Abu Dhabi, Futoon Hamdan Al Mazrouei e da coordenadora de Jiu-jitsu da IVSM na Am\u00e9rica do Sul, Sra. Marthina  Back, e destacou a presen\u00e7a feminina em fun\u00e7\u00f5es importantes nos neg\u00f3cios e na valoriza\u00e7\u00e3o do esporte.<\/p>\n<p style=\"text-align: justify\">\u201cFoi uma honra conhecer mulheres em fun\u00e7\u00f5es t\u00e3o importantes na sociedade dos Emirados \u00c1rabes Unidos,  comprometidas com o desenvolvimento social e econ\u00f4mico do pa\u00eds\u201d, observou.<\/p>\n<p style=\"text-align:center\"><source><img decoding=\"async\" alt=\"\" height=\"267\" src=\"https:\/\/www.secom.mt.gov.br\/documents\/d\/mt\/vm3-jpeg\">         <\/source><\/p>\n<p style=\"text-align: justify\"><strong>Agenda Internacional <\/strong><\/p>\n<p style=\"text-align: justify\">Nesta ter\u00e7a-feira (05.11) o governador Mauro Mendes conclui as agendas em Abu Dhabi e retorna ao Brasil. J\u00e1 a primeira-dama Virginia Mendes e o secret\u00e1rio da Secel, David Moura, seguem as agendas at\u00e9 sexta-feira (08.11), com a delega\u00e7\u00e3o de Parajiu-jitsu composta com 15 integrantes no 16\u00ba Campeonato Mundial de Jiu-jitsu de Abu Dhabi.<\/p>\n<p id=\"infocoweb_fonte\" class=\"infocoweb_fonte\">Fonte: Governo MT \u2013 MT<\/p>\n<style>#infocoweb_cabecalho {\n        display: inline-block;\n        margin-top: -75px;\n        position: absolute;\n        right: 0;\n    }\n<\/style>\n<style><\/style>\n<\/div>\n<div id=\"infocoweb_rodape\" class=\"infocoweb_rodape\"><\/div>\n<\/div>\n<p>O post Governador e primeira-dama impulsionam conex\u00e3o entre MT e Emirados \u00c1rabes durante evento mundial apareceu primeiro em Portal MT.<\/p>\n<\/div>\n","protected":false},"excerpt":{"rendered":"<p>Nesta segunda-feira (04.11), a primeira-dama de Mato Grosso, Virginia Mendes, o governador Mauro Mendes e<\/p>\n","protected":false},"author":2,"featured_media":33512,"comment_status":"registered_only","ping_status":"closed","sticky":false,"template":"","format":"standard","meta":{"footnotes":""},"categories":[7],"tags":[],"aioseo_notices":[],"_links":{"self":[{"href":"https:\/\/portalnewsgta.com.br\/index.php\/wp-json\/wp\/v2\/posts\/33511"}],"collection":[{"href":"https:\/\/portalnewsgta.com.br\/index.php\/wp-json\/wp\/v2\/posts"}],"about":[{"href":"https:\/\/portalnewsgta.com.br\/index.php\/wp-json\/wp\/v2\/types\/post"}],"author":[{"embeddable":true,"href":"https:\/\/portalnewsgta.com.br\/index.php\/wp-json\/wp\/v2\/users\/2"}],"replies":[{"embeddable":true,"href":"https:\/\/portalnewsgta.com.br\/index.php\/wp-json\/wp\/v2\/comments?post=33511"}],"version-history":[{"count":0,"href":"https:\/\/portalnewsgta.com.br\/index.php\/wp-json\/wp\/v2\/posts\/33511\/revisions"}],"wp:featuredmedia":[{"embeddable":true,"href":"https:\/\/portalnewsgta.com.br\/index.php\/wp-json\/wp\/v2\/media\/33512"}],"wp:attachment":[{"href":"https:\/\/portalnewsgta.com.br\/index.php\/wp-json\/wp\/v2\/media?parent=33511"}],"wp:term":[{"taxonomy":"category","embeddable":true,"href":"https:\/\/portalnewsgta.com.br\/index.php\/wp-json\/wp\/v2\/categories?post=33511"},{"taxonomy":"post_tag","embeddable":true,"href":"https:\/\/portalnewsgta.com.br\/index.php\/wp-json\/wp\/v2\/tags?post=33511"}],"curies":[{"name":"wp","href":"https:\/\/api.w.org\/{rel}","templated":true}]}}