{"id":33471,"date":"2024-11-04T12:01:33","date_gmt":"2024-11-04T15:01:33","guid":{"rendered":"https:\/\/portalnewsgta.com.br\/index.php\/2024\/11\/04\/policia-civil-cumpre-prisao-preventiva-de-condenado-por-estupro-de-vulneravel-em-caceres\/"},"modified":"2024-11-04T12:01:33","modified_gmt":"2024-11-04T15:01:33","slug":"policia-civil-cumpre-prisao-preventiva-de-condenado-por-estupro-de-vulneravel-em-caceres","status":"publish","type":"post","link":"https:\/\/portalnewsgta.com.br\/index.php\/2024\/11\/04\/policia-civil-cumpre-prisao-preventiva-de-condenado-por-estupro-de-vulneravel-em-caceres\/","title":{"rendered":"Pol\u00edcia Civil cumpre pris\u00e3o preventiva de condenado por estupro de vulner\u00e1vel em C\u00e1ceres"},"content":{"rendered":"<div>\n<div id=\"infocoweb\" data-uuid=\"04ca35d6-0a5c-42ec-a9d5-ba968f83ea7f\" class=\"infocoweb infocoweb_canal_61\">\n<div id=\"infocoweb_cabecalho\" class=\"infocoweb_cabecalho\"><\/div>\n<div id=\"infocoweb_corpo\" class=\"infocoweb_corpo\"><span class=\"ifn_post_add_feature_image_to_the_top\"><\/span><\/p>\n<p style=\"text-align: justify\">A Pol\u00edcia Civil, por meio da Delegacia Especializada de Defesa da Mulher (DEDM) de C\u00e1ceres, cumpriu, na manh\u00e3 desta segunda-feira (04.11), um mandado de pris\u00e3o preventiva contra um homem, de 68 anos, condenado pelo crime de estupro de vulner\u00e1vel.<\/p>\n<p style=\"text-align: justify\">O mandado de pris\u00e3o foi decretado pela Terceira Vara Criminal de C\u00e1ceres em raz\u00e3o de condena\u00e7\u00e3o transitada em julgado, ocorrida no ano de 2018, com pena de nove anos, sete meses e seis dias de reclus\u00e3o em regime inicialmente fechado.<\/p>\n<p style=\"text-align:center\"><source><img fetchpriority=\"high\" decoding=\"async\" alt=\"\" height=\"338\" src=\"https:\/\/www.secom.mt.gov.br\/documents\/d\/pjc\/whatsapp-image-2024-11-04-at-08-04-52-jpeg?imageThumbnail=3\" width=\"394\">      <\/source><\/p>\n<p style=\"text-align: justify\"> A pris\u00e3o integra os trabalhos da Opera\u00e7\u00e3o Hagnos, coordenada pelo Minist\u00e9rio da Justi\u00e7a e Seguran\u00e7a P\u00fablica (MJSP), para coibir as viol\u00eancias contra crian\u00e7as e adolescentes.<\/p>\n<p style=\"text-align: justify\">A opera\u00e7\u00e3o ocorre entre os dias 01\u00ba a 29 de novembro, com foco na intensifica\u00e7\u00e3o de cumprimentos de mandados de pris\u00f5es preventivas, flagrantes e busca e apreens\u00e3o, em todo o pa\u00eds.<\/p>\n<p style=\"text-align: justify\">Ap\u00f3s os procedimentos legais, o preso foi encaminhado para a Cadeia P\u00fablica, onde passar\u00e1 pela audi\u00eancia de cust\u00f3dia e ficar\u00e1 \u00e0 disposi\u00e7\u00e3o da Justi\u00e7a.<\/p>\n<p style=\"text-align:center\"><source><img decoding=\"async\" alt=\"\" height=\"266\" src=\"https:\/\/www.secom.mt.gov.br\/documents\/d\/pjc\/whatsapp-image-2024-11-04-at-08-04-51-jpeg?imageThumbnail=3\">      <\/source><\/p>\n<p id=\"infocoweb_fonte\" class=\"infocoweb_fonte\">Fonte: Governo MT \u2013 MT<\/p>\n<style>#infocoweb_cabecalho {\n        display: inline-block;\n        margin-top: -75px;\n        position: absolute;\n        right: 0;\n    }\n<\/style>\n<style><\/style>\n<\/div>\n<div id=\"infocoweb_rodape\" class=\"infocoweb_rodape\"><\/div>\n<\/div>\n<p>O post Pol\u00edcia Civil cumpre pris\u00e3o preventiva de condenado por estupro de vulner\u00e1vel em C\u00e1ceres apareceu primeiro em Portal MT.<\/p>\n<\/div>\n","protected":false},"excerpt":{"rendered":"<p>A Pol\u00edcia Civil, por meio da Delegacia Especializada de Defesa da Mulher (DEDM) de C\u00e1ceres,<\/p>\n","protected":false},"author":2,"featured_media":33472,"comment_status":"registered_only","ping_status":"closed","sticky":false,"template":"","format":"standard","meta":{"footnotes":""},"categories":[7],"tags":[],"aioseo_notices":[],"_links":{"self":[{"href":"https:\/\/portalnewsgta.com.br\/index.php\/wp-json\/wp\/v2\/posts\/33471"}],"collection":[{"href":"https:\/\/portalnewsgta.com.br\/index.php\/wp-json\/wp\/v2\/posts"}],"about":[{"href":"https:\/\/portalnewsgta.com.br\/index.php\/wp-json\/wp\/v2\/types\/post"}],"author":[{"embeddable":true,"href":"https:\/\/portalnewsgta.com.br\/index.php\/wp-json\/wp\/v2\/users\/2"}],"replies":[{"embeddable":true,"href":"https:\/\/portalnewsgta.com.br\/index.php\/wp-json\/wp\/v2\/comments?post=33471"}],"version-history":[{"count":0,"href":"https:\/\/portalnewsgta.com.br\/index.php\/wp-json\/wp\/v2\/posts\/33471\/revisions"}],"wp:featuredmedia":[{"embeddable":true,"href":"https:\/\/portalnewsgta.com.br\/index.php\/wp-json\/wp\/v2\/media\/33472"}],"wp:attachment":[{"href":"https:\/\/portalnewsgta.com.br\/index.php\/wp-json\/wp\/v2\/media?parent=33471"}],"wp:term":[{"taxonomy":"category","embeddable":true,"href":"https:\/\/portalnewsgta.com.br\/index.php\/wp-json\/wp\/v2\/categories?post=33471"},{"taxonomy":"post_tag","embeddable":true,"href":"https:\/\/portalnewsgta.com.br\/index.php\/wp-json\/wp\/v2\/tags?post=33471"}],"curies":[{"name":"wp","href":"https:\/\/api.w.org\/{rel}","templated":true}]}}