{"id":33469,"date":"2024-11-04T11:43:21","date_gmt":"2024-11-04T14:43:21","guid":{"rendered":"https:\/\/portalnewsgta.com.br\/index.php\/2024\/11\/04\/vieram-ate-mim-com-barra-de-ferro-diz-motorista-de-onibus-atacado-pela-mancha\/"},"modified":"2024-11-04T11:43:21","modified_gmt":"2024-11-04T14:43:21","slug":"vieram-ate-mim-com-barra-de-ferro-diz-motorista-de-onibus-atacado-pela-mancha","status":"publish","type":"post","link":"https:\/\/portalnewsgta.com.br\/index.php\/2024\/11\/04\/vieram-ate-mim-com-barra-de-ferro-diz-motorista-de-onibus-atacado-pela-mancha\/","title":{"rendered":"&#8216;Vieram at\u00e9 mim com barra de ferro&#8217;, diz motorista de \u00f4nibus atacado pela Mancha"},"content":{"rendered":"<p>S\u00c3O PAULO, SP (FOLHAPRESS) &#8211; Fabr\u00edcio Ribeiro, empres\u00e1rio do ramo de transporte e motorista, relatou ao Fant\u00e1stico, da TV Globo, os momentos de terror que presenciou durante a emboscada de membros da Mancha Alviverde (torcida do Palmeiras) contra a M\u00e1fia Azul (do Cruzeiro), em Mairipor\u00e3 (SP), no \u00faltimo dia 27.<\/p>\n<div class=\"dummyPub\">\u00a0<\/div>\n<p>Ribeiro \u00e9 um dos s\u00f3cios da empresa que alugou os \u00f4nibus para a M\u00e1fia Azul. Ele estava no \u00f4nibus que n\u00e3o chegou a pegar fogo, mas que foi atingido por roj\u00f5es e depredado.<\/p>\n<p>&#8220;Eles quebraram o para-brisa, quebraram a janela do \u00f4nibus, na lateral ali&#8221;, disse. &#8220;A gente via pessoas vindo correndo, em [nossa] dire\u00e7\u00e3o. Imaginava que poderia ser briga de torcida, mas a gente queria sair, sair com vida ali do local&#8221;, continuou.<\/p>\n<p>&#8220;Eu passei, o outro \u00f4nibus j\u00e1 estava com in\u00edcio de fogo. Voc\u00ea v\u00ea, n\u00e3o poder fazer nada, n\u00e9? A sensa\u00e7\u00e3o de impot\u00eancia \u00e9 grande&#8221;, frisou.<\/p>\n<p>Outro \u00f4nibus da empresa era conduzido por Lucas Souza de Paula.<\/p>\n<p>Ele descreve como foi o ataque de cerca de 150 torcedores ligados \u00e0 Mancha e conta que viu quatro carros parados. &#8220;Na hora que eu vi j\u00e1 achei algo estranho&#8221;, relatou sobre os minutos antes de o \u00f4nibus que conduzia ser atacado e incendiado. &#8220;Eu estava desesperado porque eu n\u00e3o conseguia ver mais, porque o fogo tomou uma propor\u00e7\u00e3o [grande] assim em segundos&#8221;, acrescentou.<\/p>\n<p>De Paula diz que s\u00f3 n\u00e3o foi agredido com uma barra de ferro porque o identificaram como motorista.<\/p>\n<p>&#8220;Os torcedores vieram em mim com barra de ferro para bater. Abri, mostrei o meu uniforme, mandaram encostar. Falaram: no motorista a gente n\u00e3o quer bater'&#8221;, lembrou.<\/p>\n<p><span class=\"news_bold\">A EMBOSCADA<\/span><\/p>\n<p>O ataque a dois \u00f4nibus onde estavam torcedores da M\u00e1fia Azul deixou um morto e cerca de 20 feridos. A v\u00edtima, o motoboy Jos\u00e9 Victor Miranda, 30, foi espancada e sofreu queimaduras pelo corpo, conforme a PRF (Pol\u00edcia Rodovi\u00e1ria Federal).<\/p>\n<p>Uma semana depois, apenas um suspeito de envolvimento no caso foi preso -outros seis est\u00e3o foragidos. Ele foi localizado em uma resid\u00eancia na Freguesia do \u00d3, na zona norte da capital paulista. No local tamb\u00e9m foi apreendida uma barra de ferro.<\/p>\n<p>A SSP (Secretaria da Seguran\u00e7a P\u00fablica) afirmou que o suspeito detido na sexta foi indiciado pelos crimes de homic\u00eddio, les\u00e3o corporal, dano, tumulto e associa\u00e7\u00e3o criminosa. Ele foi conduzido \u00e0 carceragem do 8\u00ba Distrito Policial, onde permanece detido \u00e0 disposi\u00e7\u00e3o da Justi\u00e7a.<\/p>\n<p>&#8220;As investiga\u00e7\u00f5es prosseguem, sob sigilo, pela 6\u00aa Deatur\/Drade (Delegacia de Pol\u00edcia de Repress\u00e3o aos Delitos de Intoler\u00e2ncia Esportiva), que realiza dilig\u00eancias para a localiza\u00e7\u00e3o dos outros envolvidos e cumprimento dos respectivos mandados de pris\u00e3o&#8221;, afirmou.<\/p>\n<p>Entre os seis integrantes da organizada que t\u00eam mandados de pris\u00e3o expedidos e s\u00e3o considerados foragidos est\u00e1 o presidente Jorge Luis Sampaio, 43, e o vice-presidente, Felipe Mattos dos Santos, 31.<\/p>\n<p>Fonte: noticiasaominuto.com.br<\/p>\n","protected":false},"excerpt":{"rendered":"<p>S\u00c3O PAULO, SP (FOLHAPRESS) &#8211; Fabr\u00edcio Ribeiro, empres\u00e1rio do ramo de transporte e motorista, relatou<\/p>\n","protected":false},"author":0,"featured_media":33470,"comment_status":"open","ping_status":"open","sticky":false,"template":"","format":"standard","meta":{"footnotes":""},"categories":[4],"tags":[],"aioseo_notices":[],"_links":{"self":[{"href":"https:\/\/portalnewsgta.com.br\/index.php\/wp-json\/wp\/v2\/posts\/33469"}],"collection":[{"href":"https:\/\/portalnewsgta.com.br\/index.php\/wp-json\/wp\/v2\/posts"}],"about":[{"href":"https:\/\/portalnewsgta.com.br\/index.php\/wp-json\/wp\/v2\/types\/post"}],"replies":[{"embeddable":true,"href":"https:\/\/portalnewsgta.com.br\/index.php\/wp-json\/wp\/v2\/comments?post=33469"}],"version-history":[{"count":0,"href":"https:\/\/portalnewsgta.com.br\/index.php\/wp-json\/wp\/v2\/posts\/33469\/revisions"}],"wp:featuredmedia":[{"embeddable":true,"href":"https:\/\/portalnewsgta.com.br\/index.php\/wp-json\/wp\/v2\/media\/33470"}],"wp:attachment":[{"href":"https:\/\/portalnewsgta.com.br\/index.php\/wp-json\/wp\/v2\/media?parent=33469"}],"wp:term":[{"taxonomy":"category","embeddable":true,"href":"https:\/\/portalnewsgta.com.br\/index.php\/wp-json\/wp\/v2\/categories?post=33469"},{"taxonomy":"post_tag","embeddable":true,"href":"https:\/\/portalnewsgta.com.br\/index.php\/wp-json\/wp\/v2\/tags?post=33469"}],"curies":[{"name":"wp","href":"https:\/\/api.w.org\/{rel}","templated":true}]}}