{"id":33459,"date":"2024-11-04T09:44:00","date_gmt":"2024-11-04T12:44:00","guid":{"rendered":"https:\/\/portalnewsgta.com.br\/index.php\/2024\/11\/04\/a-verdade-como-o-sol-sempre-saira-diz-marcelo-apos-rescisao-com-fluminense\/"},"modified":"2024-11-04T09:44:00","modified_gmt":"2024-11-04T12:44:00","slug":"a-verdade-como-o-sol-sempre-saira-diz-marcelo-apos-rescisao-com-fluminense","status":"publish","type":"post","link":"https:\/\/portalnewsgta.com.br\/index.php\/2024\/11\/04\/a-verdade-como-o-sol-sempre-saira-diz-marcelo-apos-rescisao-com-fluminense\/","title":{"rendered":"&#8216;A verdade, como o sol, sempre sair\u00e1&#8217;, diz Marcelo ap\u00f3s rescis\u00e3o com Fluminense"},"content":{"rendered":"<p>S\u00c3O PAULO, SP (UOL\/FOLHAPRESS) &#8211; O lateral Marcelo se despediu dos torcedores do Fluminense em post no Instagram e finalizou sua mensagem com uma frase, no m\u00ednimo, enigm\u00e1tica. Ele rescindiu com o clube em comum acordo um dia ap\u00f3s rixa com Mano Menezes, ocorrida durante o empate do time carioca contra o Gr\u00eamio, na \u00faltima sexta.<\/p>\n<div class=\"dummyPub\">\u00a0<\/div>\n<p>O veterano iniciou o texto classificando sua segunda passagem pelo clube como &#8220;magn\u00edfica&#8221;. Ele ressaltou o fato de ter seu nome eternizado em um dos campos do CT de Xer\u00e9m.<\/p>\n<p>Na sequ\u00eancia, Marcelo fez agradecimentos aos familiares e ao presidente M\u00e1rio Bittencourt. O jogador tamb\u00e9m exaltou &#8220;funcion\u00e1rios&#8221; e &#8220;companheiros de equipe&#8221;.<\/p>\n<p>O lateral, no entanto, encerrou sua despedida com uma mensagem enigm\u00e1tica, sem detalhar se a frase tem rela\u00e7\u00e3o com a pol\u00eamica que culminou com sua sa\u00edda.<\/p>\n<p><span class=\"news_bold\">Leia a \u00edntegra<\/span><\/p>\n<p><span class=\"news_italic\">&#8220;Eu vivi uma etapa magn\u00edfica neste clube. H\u00e1 quase dois anos decidi voltar, motivado pela liga\u00e7\u00e3o sentimental com o time. Participei de momentos inesquec\u00edveis, como a conquista da primeira Copa Libertadores da hist\u00f3ria do clube. Meu nome ficar\u00e1 eternizado no reformado Est\u00e1dio Marcelo Vieira, local onde treinam todos os dias os nossos moleques de Xer\u00e9m.<\/span><\/p>\n<p><span class=\"news_italic\">Quero agradecer a minha mulher, Clarice, e aos meus filhos, Liam e Enzo, por estarem sempre ao meu lado e por todo o sacrif\u00edcio que fizeram por mim.<\/span><\/p>\n<p><span class=\"news_italic\">Tenho orgulho do que conquistei e agrade\u00e7o a todos que tornaram esse momento \u00fanico, especialmente ao presidente, funcion\u00e1rios e aos meus companheiros de equipe. Agrade\u00e7o tamb\u00e9m aos tricolores pelo apoio. Sempre levarei o Fluminense em meu cora\u00e7\u00e3o.<\/span><\/p>\n<p><span class=\"news_italic\">A verdade, como o sol, sempre sair\u00e1&#8221;<\/span><\/p>\n<p><span class=\"news_bold\">Mano Menezes<\/span><\/p>\n<p>O t\u00e9cnico Mano Menezes se irritou com o lateral Marcelo e mudou uma altera\u00e7\u00e3o nos minutos finais de Fluminense 2&#215;2 Gr\u00eamio, jogo v\u00e1lido pela 32\u00aa rodada do Campeonato Brasileiro e ocorrido na sexta (1).<\/p>\n<p>Mano chamou o experiente jogador, que estava no banco, para entrar j\u00e1 na casa dos 44 minutos do 2\u00b0 tempo &#8211; o atacante Marquinhos tamb\u00e9m foi chamado. Na ocasi\u00e3o, o duelo estava em 2 a 1 para os cariocas.<\/p>\n<p>O treinador n\u00e3o gostou de alguma palavra proferida por Marcelo e se irritou. As imagens foram captadas pelas c\u00e2meras do Sportv.<\/p>\n<p>Imediatamente, Mano rebateu, tirou o lateral da beira do campo e mudou a substitui\u00e7\u00e3o. O comandante chamou John Kennedy, que acabou substituindo Lima &#8211; Marquinhos entrou normalmente na vaga de Keno.<\/p>\n<p>A situa\u00e7\u00e3o piorou para o Fluminense porque o Gr\u00eamio empatou nos acr\u00e9scimos. Reinaldo, de p\u00eanalti, definiu o 2 a 2.<\/p>\n<p>No s\u00e1bado (2), o clube informou a rescis\u00e3o &#8220;em comum acordo&#8221; com o jogador.<\/p>\n<p>Fonte: noticiasaominuto.com.br<\/p>\n","protected":false},"excerpt":{"rendered":"<p>S\u00c3O PAULO, SP (UOL\/FOLHAPRESS) &#8211; O lateral Marcelo se despediu dos torcedores do Fluminense em<\/p>\n","protected":false},"author":0,"featured_media":33460,"comment_status":"open","ping_status":"open","sticky":false,"template":"","format":"standard","meta":{"footnotes":""},"categories":[4],"tags":[],"aioseo_notices":[],"_links":{"self":[{"href":"https:\/\/portalnewsgta.com.br\/index.php\/wp-json\/wp\/v2\/posts\/33459"}],"collection":[{"href":"https:\/\/portalnewsgta.com.br\/index.php\/wp-json\/wp\/v2\/posts"}],"about":[{"href":"https:\/\/portalnewsgta.com.br\/index.php\/wp-json\/wp\/v2\/types\/post"}],"replies":[{"embeddable":true,"href":"https:\/\/portalnewsgta.com.br\/index.php\/wp-json\/wp\/v2\/comments?post=33459"}],"version-history":[{"count":0,"href":"https:\/\/portalnewsgta.com.br\/index.php\/wp-json\/wp\/v2\/posts\/33459\/revisions"}],"wp:featuredmedia":[{"embeddable":true,"href":"https:\/\/portalnewsgta.com.br\/index.php\/wp-json\/wp\/v2\/media\/33460"}],"wp:attachment":[{"href":"https:\/\/portalnewsgta.com.br\/index.php\/wp-json\/wp\/v2\/media?parent=33459"}],"wp:term":[{"taxonomy":"category","embeddable":true,"href":"https:\/\/portalnewsgta.com.br\/index.php\/wp-json\/wp\/v2\/categories?post=33459"},{"taxonomy":"post_tag","embeddable":true,"href":"https:\/\/portalnewsgta.com.br\/index.php\/wp-json\/wp\/v2\/tags?post=33459"}],"curies":[{"name":"wp","href":"https:\/\/api.w.org\/{rel}","templated":true}]}}