{"id":33444,"date":"2024-11-04T08:42:46","date_gmt":"2024-11-04T11:42:46","guid":{"rendered":"https:\/\/portalnewsgta.com.br\/index.php\/2024\/11\/04\/pensava-que-ia-me-aposentar-la-diz-cleber-machado-sobre-demissao-da-globo\/"},"modified":"2024-11-04T08:42:46","modified_gmt":"2024-11-04T11:42:46","slug":"pensava-que-ia-me-aposentar-la-diz-cleber-machado-sobre-demissao-da-globo","status":"publish","type":"post","link":"https:\/\/portalnewsgta.com.br\/index.php\/2024\/11\/04\/pensava-que-ia-me-aposentar-la-diz-cleber-machado-sobre-demissao-da-globo\/","title":{"rendered":"&#8216;Pensava que ia me aposentar l\u00e1&#8217;, diz Cl\u00e9ber Machado sobre demiss\u00e3o da Globo"},"content":{"rendered":"<p>RIO DE JANEIRO, RJ (FOLHAPRESS0 &#8211; Cl\u00e9ber Machado vai estar de casa nova em 2025. Ele deixou o SBT e acertou com a Record para ser o principal narrador da emissora, que adquiriu os direitos de transmiss\u00e3o dos jogos dos clubes da Liga Forte Uni\u00e3o at\u00e9 2027 no Campeonato Brasileiro. S\u00f3 que o assunto que ainda desperta curiosidade em sua trajet\u00f3ria profissional \u00e9 a sa\u00edda da Globo. Machado foi dispensado em 2023, ap\u00f3s 35 anos de casa.<\/p>\n<div class=\"dummyPub\">\u00a0<\/div>\n<p>O narrador contou que foi pego de surpresa com a decis\u00e3o da Globo. &#8220;N\u00e3o esperava. N\u00e3o achava que fosse sair e pensava que ia me aposentar l\u00e1. Eu achar uma coisa, quem decide, decide outra. N\u00e3o chorei, n\u00e3o fiquei triste&#8221;, lembrou.<\/p>\n<p>O narrador afirmou ainda que n\u00e3o guarda m\u00e1goas da ex-emissora, mas reconheceu que considerou sua demiss\u00e3o injusta. &#8220;Agora, se eu acho que fizeram algo como eu faria com um profissional com o tempo de casa que eu tinha? N\u00e3o. N\u00e3o faria. Mas&#8230; foi assim. Nem uma bronca, e vou trabalhar em outros lugares, fazer outras coisas&#8221;, comentou em entrevista ao UOL.<\/p>\n<p>Cl\u00e9ber Machado deixar\u00e1 o SBT em dezembro. A partir de janeiro, o narrador estar\u00e1 envolvido nas transmiss\u00f5es do Paulist\u00e3o na Record. Em abril, ele ser\u00e1 a voz de jogos com Corinthians, Internacional, Botafogo, Cruzeiro, entre outros, como mandantes no Brasileir\u00e3o.<\/p>\n<p>Fonte: noticiasaominuto.com.br<\/p>\n","protected":false},"excerpt":{"rendered":"<p>RIO DE JANEIRO, RJ (FOLHAPRESS0 &#8211; Cl\u00e9ber Machado vai estar de casa nova em 2025.<\/p>\n","protected":false},"author":0,"featured_media":33445,"comment_status":"open","ping_status":"open","sticky":false,"template":"","format":"standard","meta":{"footnotes":""},"categories":[6],"tags":[],"aioseo_notices":[],"_links":{"self":[{"href":"https:\/\/portalnewsgta.com.br\/index.php\/wp-json\/wp\/v2\/posts\/33444"}],"collection":[{"href":"https:\/\/portalnewsgta.com.br\/index.php\/wp-json\/wp\/v2\/posts"}],"about":[{"href":"https:\/\/portalnewsgta.com.br\/index.php\/wp-json\/wp\/v2\/types\/post"}],"replies":[{"embeddable":true,"href":"https:\/\/portalnewsgta.com.br\/index.php\/wp-json\/wp\/v2\/comments?post=33444"}],"version-history":[{"count":0,"href":"https:\/\/portalnewsgta.com.br\/index.php\/wp-json\/wp\/v2\/posts\/33444\/revisions"}],"wp:featuredmedia":[{"embeddable":true,"href":"https:\/\/portalnewsgta.com.br\/index.php\/wp-json\/wp\/v2\/media\/33445"}],"wp:attachment":[{"href":"https:\/\/portalnewsgta.com.br\/index.php\/wp-json\/wp\/v2\/media?parent=33444"}],"wp:term":[{"taxonomy":"category","embeddable":true,"href":"https:\/\/portalnewsgta.com.br\/index.php\/wp-json\/wp\/v2\/categories?post=33444"},{"taxonomy":"post_tag","embeddable":true,"href":"https:\/\/portalnewsgta.com.br\/index.php\/wp-json\/wp\/v2\/tags?post=33444"}],"curies":[{"name":"wp","href":"https:\/\/api.w.org\/{rel}","templated":true}]}}