{"id":33430,"date":"2024-11-04T08:15:55","date_gmt":"2024-11-04T11:15:55","guid":{"rendered":"https:\/\/portalnewsgta.com.br\/?p=33430"},"modified":"2024-11-04T08:15:55","modified_gmt":"2024-11-04T11:15:55","slug":"lula-tenta-mexer-na-seguranca-mas-governadores-resistem","status":"publish","type":"post","link":"https:\/\/portalnewsgta.com.br\/index.php\/2024\/11\/04\/lula-tenta-mexer-na-seguranca-mas-governadores-resistem\/","title":{"rendered":"Lula tenta mexer na seguran\u00e7a, mas governadores resistem"},"content":{"rendered":"<section class=\"FullLine\">\n<div class=\"conteudo\">\n<h3>PEC da Seguran\u00e7a, proposta pelo governo Lula, esbarra na resist\u00eancia de governadores e parlamentares, e corre o risco de n\u00e3o avan\u00e7ar<\/h3>\n<\/div>\n<\/section>\n<section>\n<div class=\"FullLine\">\n<div class=\"conteudo_foto\">\n<div class=\"imgcontent\">\n<p class=\"descricao_foto\">\n<\/div>\n<\/div>\n<div class=\"Font14Bold\">ISABELLA CAVALCANTE, DANIELA SANTOS E MANOELA ALC\u00c2NTARA<br \/>\nDO METR\u00d3POLES<\/div>\n<div id=\"texto\" class=\"texto\">\n<p>A Proposta de Emenda \u00e0 Constitui\u00e7\u00e3o (PEC) da Seguran\u00e7a P\u00fablica, apresentada na \u00faltima semana pelo presidente Luiz In\u00e1cio Lula da Silva (PT) e pelo ministro Ricardo Lewandowski (Justi\u00e7a e Seguran\u00e7a P\u00fablica), tem causado diverg\u00eancia entre aliados, opositores do governo federal e setores da sociedade. Diante da resist\u00eancia, o texto corre o risco de n\u00e3o avan\u00e7ar.<\/p>\n<p>&nbsp;<\/p>\n<p>Entre seus principais pontos, o projeto amplia as atribui\u00e7\u00f5es da Pol\u00edcia Federal (PF) e da Pol\u00edcia Rodovi\u00e1ria Federal (PRF), e constitucionaliza o Sistema \u00danico de Seguran\u00e7a P\u00fablica (Susp). O governo visa atribuir \u00e0 Uni\u00e3o a compet\u00eancia de estabelecer uma pol\u00edtica nacional de seguran\u00e7a p\u00fablica, que dever\u00e1 ser adotada por estados e munic\u00edpios.<\/p>\n<p>&nbsp;<\/p>\n<p>Uma fonte aliada \u00e0 gest\u00e3o petista disse ao Metr\u00f3poles que a PEC da Seguran\u00e7a n\u00e3o resolve os problemas urgentes da quest\u00e3o, que a proposta seria uma forma de \u201cenrolar\u201d, e ressaltou que os estados n\u00e3o t\u00eam condi\u00e7\u00e3o de enfrentar o crime organizado. Segundo aliados, h\u00e1 funcion\u00e1rios o suficiente para resolver os problemas, mas n\u00e3o existe vontade pol\u00edtica para isso.<\/p>\n<p>&nbsp;<\/p>\n<p>O delegado Andrei Rodrigues, diretor-geral da PF, falou para jornalistas, na sexta-feira (1\u00ba\/11), como se o assunto estivesse pacificado dentro da institui\u00e7\u00e3o.<\/p>\n<div id=\"taboola-mid-article-thumbnails\" class=\"trc_related_container tbl-trecs-container trc_spotlight_widget trc_elastic trc_elastic_alternating-thumbnails-a-mid-article\" data-placement-name=\"Mid Article Thumbnails\">\n<div class=\"trc_rbox_container\">\n<div>\n<div id=\"trc_wrapper_4261082588\" class=\"trc_rbox alternating-thumbnails-a-mid-article trc-content-hybrid\">\n<div id=\"trc_header_4261082588\" class=\"trc_rbox_header trc_rbox_border_elm\">\n<div class=\"trc_header_ext\"><\/div>\n<\/div>\n<\/div>\n<\/div>\n<\/div>\n<\/div>\n<p>&nbsp;<\/p>\n<p>\u201c\u00c9 uma proposta do Minist\u00e9rio da Justi\u00e7a, ao qual estamos subordinados. Mas, no que diz respeito \u00e0 nossa institui\u00e7\u00e3o, no que nos compete, n\u00e3o h\u00e1 nenhuma diverg\u00eancia interna. N\u00e3o vejo nenhum problema nessa medida\u201d, afirmou.<\/p>\n<p>&nbsp;<\/p>\n<p>A Federa\u00e7\u00e3o Nacional dos Peritos Oficiais em Identifica\u00e7\u00e3o Humana (Fenappi), que envolve delegados e entidades militares, classificou a proposta como \u201cinadequada e desnecess\u00e1ria\u201d.<\/p>\n<p>&nbsp;<\/p>\n<p>\u201cA redu\u00e7\u00e3o dos \u00edndices de criminalidade n\u00e3o \u00e9 alcan\u00e7ada com mudan\u00e7as constitucionais, mas com solu\u00e7\u00f5es constru\u00eddas pelo di\u00e1logo entre os entes federativos e \u00f3rg\u00e3os envolvidos\u201d, disse a federa\u00e7\u00e3o em carta distribu\u00edda.<\/p>\n<p>&nbsp;<\/p>\n<p>Segundo a nota, a Fenappi ir\u00e1 trabalhar \u201cdemocraticamente\u201d para barrar o texto e evitar que o pa\u00eds \u201cgaste energia em medida que n\u00e3o garanta efetividade no enfrentamento \u00e0 criminalidade organizada\u201d.<\/p>\n<p>&nbsp;<\/p>\n<p><strong>Mais desafios<\/strong><\/p>\n<p>&nbsp;<\/p>\n<p>Outra entidade que deseja barrar a PEC \u00e9 a Frente Parlamentar da Seguran\u00e7a P\u00fablica. Membros disseram \u00e0 coluna de Igor Gadelha, do Metr\u00f3poles, que pretendem levar o tema ao presidente da C\u00e2mara, Arthur Lira (PP-AL) na pr\u00f3xima semana.<\/p>\n<p>&nbsp;<\/p>\n<p>O presidente da frente, deputado Alberto Fraga (PL-DF), afirmou que o governo federal n\u00e3o ouviu a opini\u00e3o da bancada da bala sobre o texto.<\/p>\n<p>&nbsp;<\/p>\n<p>Ronaldo Caiado (Uni\u00e3o Brasil), governador de Goi\u00e1s, falou ser \u201cl\u00f3gico\u201d que tentar\u00e1 barrar a PEC. \u201cPeguei um estado endividado. Voc\u00eas s\u00f3 viam Goi\u00e1s nas p\u00e1ginas policiais, era somente esc\u00e2ndalo. Hoje n\u00e3o veem mais. \u00c9 um estado onde temos cada vez mais empresas e fam\u00edlias migrando, devido \u00e0 seguran\u00e7a p\u00fablica\u201d, falou.<\/p>\n<p>&nbsp;<\/p>\n<p>J\u00e1 o governador de S\u00e3o Paulo, Tarc\u00edsio de Freitas (Republicanos), mostrou-se aberto \u00e0 PEC e defendeu a maior integra\u00e7\u00e3o dos estados com a Uni\u00e3o, durante a reuni\u00e3o de quinta-feira. No entanto, mostrou preocupa\u00e7\u00e3o com pontos da proposta que podem interferir na autonomia dos estados.<\/p>\n<p>&nbsp;<\/p>\n<p>Claudio Castro (PL), governador do Rio de Janeiro, tamb\u00e9m demonstrou receio com a possibilidade de inger\u00eancia nas atribui\u00e7\u00f5es dos estados, mas mostrou vontade de ouvir a Uni\u00e3o. \u201cTem que entender qual, na real, \u00e9 a import\u00e2ncia de uma PEC. Se ela for um trabalho de coordena\u00e7\u00e3o, de ajuda, ela \u00e9 bem-vinda. Se ela for de controle, vai ter que ver o seguinte: quem vai pagar a conta?\u201d, questionou na quinta.<\/p>\n<\/div>\n<\/div>\n<\/section>\n","protected":false},"excerpt":{"rendered":"<p>PEC da Seguran\u00e7a, proposta pelo governo Lula, esbarra na resist\u00eancia de governadores e parlamentares, e<\/p>\n","protected":false},"author":2,"featured_media":33431,"comment_status":"open","ping_status":"open","sticky":false,"template":"","format":"standard","meta":{"footnotes":""},"categories":[13,2],"tags":[412],"aioseo_notices":[],"_links":{"self":[{"href":"https:\/\/portalnewsgta.com.br\/index.php\/wp-json\/wp\/v2\/posts\/33430"}],"collection":[{"href":"https:\/\/portalnewsgta.com.br\/index.php\/wp-json\/wp\/v2\/posts"}],"about":[{"href":"https:\/\/portalnewsgta.com.br\/index.php\/wp-json\/wp\/v2\/types\/post"}],"author":[{"embeddable":true,"href":"https:\/\/portalnewsgta.com.br\/index.php\/wp-json\/wp\/v2\/users\/2"}],"replies":[{"embeddable":true,"href":"https:\/\/portalnewsgta.com.br\/index.php\/wp-json\/wp\/v2\/comments?post=33430"}],"version-history":[{"count":1,"href":"https:\/\/portalnewsgta.com.br\/index.php\/wp-json\/wp\/v2\/posts\/33430\/revisions"}],"predecessor-version":[{"id":33432,"href":"https:\/\/portalnewsgta.com.br\/index.php\/wp-json\/wp\/v2\/posts\/33430\/revisions\/33432"}],"wp:featuredmedia":[{"embeddable":true,"href":"https:\/\/portalnewsgta.com.br\/index.php\/wp-json\/wp\/v2\/media\/33431"}],"wp:attachment":[{"href":"https:\/\/portalnewsgta.com.br\/index.php\/wp-json\/wp\/v2\/media?parent=33430"}],"wp:term":[{"taxonomy":"category","embeddable":true,"href":"https:\/\/portalnewsgta.com.br\/index.php\/wp-json\/wp\/v2\/categories?post=33430"},{"taxonomy":"post_tag","embeddable":true,"href":"https:\/\/portalnewsgta.com.br\/index.php\/wp-json\/wp\/v2\/tags?post=33430"}],"curies":[{"name":"wp","href":"https:\/\/api.w.org\/{rel}","templated":true}]}}