{"id":33386,"date":"2024-11-03T21:02:16","date_gmt":"2024-11-04T00:02:16","guid":{"rendered":"https:\/\/portalnewsgta.com.br\/index.php\/2024\/11\/03\/bombeiros-militares-realizam-verificacao-de-seguranca-em-edificio-residencial-apos-principio-de-incendio-em-ar-condicionado\/"},"modified":"2024-11-03T21:02:16","modified_gmt":"2024-11-04T00:02:16","slug":"bombeiros-militares-realizam-verificacao-de-seguranca-em-edificio-residencial-apos-principio-de-incendio-em-ar-condicionado","status":"publish","type":"post","link":"https:\/\/portalnewsgta.com.br\/index.php\/2024\/11\/03\/bombeiros-militares-realizam-verificacao-de-seguranca-em-edificio-residencial-apos-principio-de-incendio-em-ar-condicionado\/","title":{"rendered":"Bombeiros militares realizam verifica\u00e7\u00e3o de seguran\u00e7a em edif\u00edcio residencial ap\u00f3s princ\u00edpio de inc\u00eandio em ar-condicionado"},"content":{"rendered":"<div>\n<div id=\"infocoweb\" data-uuid=\"8312418b-c2fe-43b7-b2a4-1125453c72e5\" class=\"infocoweb infocoweb_canal_61\">\n<div id=\"infocoweb_cabecalho\" class=\"infocoweb_cabecalho\"><\/div>\n<div id=\"infocoweb_corpo\" class=\"infocoweb_corpo\"><span class=\"ifn_post_add_feature_image_to_the_top\"><\/span><\/p>\n<p style=\"margin-bottom: 11px;text-align: justify\"><span style=\"font-size:11pt\"><span style=\"line-height:107%\"><span style=\"font-family:Aptos,sans-serif\">O Corpo de Bombeiros Militar de Mato Grosso (CBMMT) foi acionado na noite deste s\u00e1bado (02.11) para atender uma ocorr\u00eancia de inc\u00eandio em um edif\u00edcio residencial localizado na Avenida Joaquim de Oliveira, no bairro Vila Aurora em Rondon\u00f3polis (212 km de Cuiab\u00e1). <\/span><\/span><\/span><\/p>\n<p style=\"margin-bottom: 11px;text-align: justify\"><span style=\"font-size:11pt\"><span style=\"line-height:107%\"><span style=\"font-family:Aptos,sans-serif\">As equipes do 3\u00ba Batalh\u00e3o Bombeiro Militar (3\u00ba BBM) se deslocaram rapidamente ao endere\u00e7o e, ao chegarem, foram abordadas pelos moradores, que relataram que j\u00e1 haviam evacuado parte do edif\u00edcio e conseguido controlar e extinguir o princ\u00edpio de inc\u00eandio que ocorreu em um ar-condicionado de um apartamento do 10\u00ba andar.<\/span><\/span><\/span><\/p>\n<p style=\"margin-bottom: 11px;text-align: justify\"><span style=\"font-size:11pt\"><span style=\"line-height:107%\"><span style=\"font-family:Aptos,sans-serif\">Os moradores afirmaram que fizeram o uso de aproximadamente cinco extintores de inc\u00eandio para conter as chamas do ar-condicionado, que havia sido instalado no dia anterior por um profissional.<\/span><\/span><\/span><\/p>\n<p style=\"margin-bottom: 11px;text-align: justify\"><span style=\"font-size:11pt\"><span style=\"line-height:107%\"><span style=\"font-family:Aptos,sans-serif\">As equipes do 3\u00ba BBM entraram no edif\u00edcio utilizando uma escada e, ao acessar o interior, constataram a presen\u00e7a de muita fuma\u00e7a. Foram realizadas varreduras no apartamento, e todas as janelas foram abertas para facilitar a sa\u00edda da fuma\u00e7a. A chave geral do apartamento tamb\u00e9m foi desligada. <\/span><\/span><\/span><source><img fetchpriority=\"high\" decoding=\"async\" alt=\"\" height=\"1514\" src=\"https:\/\/www.secom.mt.gov.br\/documents\/d\/bombeiros\/whatsapp-image-2024-11-03-at-17-06-11-1-jpeg?imageThumbnail=3\" width=\"850\">      <\/source><\/p>\n<p style=\"margin-bottom: 11px;text-align: justify\"><span style=\"font-size:11pt\"><span style=\"line-height:107%\"><span style=\"font-family:Aptos,sans-serif\">No local, foi verificado que o ar-condicionado, uma mesa e uma porta foram queimados. Ap\u00f3s o atendimento, os bombeiros forneceram as devidas orienta\u00e7\u00f5es aos moradores sobre seguran\u00e7a e preven\u00e7\u00e3o.<\/span><\/span><\/span><\/p>\n<p style=\"margin-bottom: 11px;text-align: justify\"><span style=\"font-size:11pt\"><span style=\"line-height:107%\"><span style=\"font-family:Aptos,sans-serif\">N\u00e3o houve registro de v\u00edtimas durante a ocorr\u00eancia.<\/span><\/span><\/span><\/p>\n<p id=\"infocoweb_fonte\" class=\"infocoweb_fonte\">Fonte: Governo MT \u2013 MT<\/p>\n<style>#infocoweb_cabecalho {\n        display: inline-block;\n        margin-top: -75px;\n        position: absolute;\n        right: 0;\n    }\n<\/style>\n<style><\/style>\n<\/div>\n<div id=\"infocoweb_rodape\" class=\"infocoweb_rodape\"><\/div>\n<\/div>\n<p>O post Bombeiros militares realizam verifica\u00e7\u00e3o de seguran\u00e7a em edif\u00edcio residencial ap\u00f3s princ\u00edpio de inc\u00eandio em ar-condicionado apareceu primeiro em Portal MT.<\/p>\n<\/div>\n","protected":false},"excerpt":{"rendered":"<p>O Corpo de Bombeiros Militar de Mato Grosso (CBMMT) foi acionado na noite deste s\u00e1bado<\/p>\n","protected":false},"author":2,"featured_media":33387,"comment_status":"registered_only","ping_status":"closed","sticky":false,"template":"","format":"standard","meta":{"footnotes":""},"categories":[7],"tags":[],"aioseo_notices":[],"_links":{"self":[{"href":"https:\/\/portalnewsgta.com.br\/index.php\/wp-json\/wp\/v2\/posts\/33386"}],"collection":[{"href":"https:\/\/portalnewsgta.com.br\/index.php\/wp-json\/wp\/v2\/posts"}],"about":[{"href":"https:\/\/portalnewsgta.com.br\/index.php\/wp-json\/wp\/v2\/types\/post"}],"author":[{"embeddable":true,"href":"https:\/\/portalnewsgta.com.br\/index.php\/wp-json\/wp\/v2\/users\/2"}],"replies":[{"embeddable":true,"href":"https:\/\/portalnewsgta.com.br\/index.php\/wp-json\/wp\/v2\/comments?post=33386"}],"version-history":[{"count":0,"href":"https:\/\/portalnewsgta.com.br\/index.php\/wp-json\/wp\/v2\/posts\/33386\/revisions"}],"wp:featuredmedia":[{"embeddable":true,"href":"https:\/\/portalnewsgta.com.br\/index.php\/wp-json\/wp\/v2\/media\/33387"}],"wp:attachment":[{"href":"https:\/\/portalnewsgta.com.br\/index.php\/wp-json\/wp\/v2\/media?parent=33386"}],"wp:term":[{"taxonomy":"category","embeddable":true,"href":"https:\/\/portalnewsgta.com.br\/index.php\/wp-json\/wp\/v2\/categories?post=33386"},{"taxonomy":"post_tag","embeddable":true,"href":"https:\/\/portalnewsgta.com.br\/index.php\/wp-json\/wp\/v2\/tags?post=33386"}],"curies":[{"name":"wp","href":"https:\/\/api.w.org\/{rel}","templated":true}]}}