{"id":33354,"date":"2024-11-03T12:02:20","date_gmt":"2024-11-03T15:02:20","guid":{"rendered":"https:\/\/portalnewsgta.com.br\/index.php\/2024\/11\/03\/expedicao-ser-familia-mulher-leva-capacitacao-para-o-combate-a-violencia-domestica-a-tangara-da-serra\/"},"modified":"2024-11-03T12:02:20","modified_gmt":"2024-11-03T15:02:20","slug":"expedicao-ser-familia-mulher-leva-capacitacao-para-o-combate-a-violencia-domestica-a-tangara-da-serra","status":"publish","type":"post","link":"https:\/\/portalnewsgta.com.br\/index.php\/2024\/11\/03\/expedicao-ser-familia-mulher-leva-capacitacao-para-o-combate-a-violencia-domestica-a-tangara-da-serra\/","title":{"rendered":"Expedi\u00e7\u00e3o SER Fam\u00edlia Mulher leva capacita\u00e7\u00e3o para o combate \u00e0 viol\u00eancia dom\u00e9stica a Tangar\u00e1 da Serra"},"content":{"rendered":"<div>\n<div id=\"infocoweb\" data-uuid=\"38e36683-4efb-4b6f-ac69-2b9bf063cb29\" class=\"infocoweb infocoweb_canal_61\">\n<div id=\"infocoweb_cabecalho\" class=\"infocoweb_cabecalho\"><\/div>\n<div id=\"infocoweb_corpo\" class=\"infocoweb_corpo\"><span class=\"ifn_post_add_feature_image_to_the_top\"><\/span><\/p>\n<p dir=\"ltr\" style=\"text-align: justify\">A Secretaria de Estado de Assist\u00eancia Social (Setasc), promoveu, nos dias 31 de outubro e 01 de novembro, a Expedi\u00e7\u00e3o SER Fam\u00edlia Mulher \u2013 MT Por Elas, no munic\u00edpio de Tangar\u00e1 da Serra (242 km de Cuiab\u00e1).<\/p>\n<p style=\"text-align: justify\">Idealizado pela primeira-dama Virginia Mendes, o evento tem por finalidade, capacitar os gestores de diversas \u00e1reas, especialmente da assist\u00eancia social do munic\u00edpio e de regi\u00f5es pr\u00f3ximas, sobre assuntos relacionados aos direitos das mulheres, bem como enfrentamento \u00e0 viol\u00eancia dom\u00e9stica em Mato Grosso.<\/p>\n<p style=\"text-align: justify\"><source><img decoding=\"async\" alt=\"\" height=\"266\" src=\"https:\/\/www.secom.mt.gov.br\/documents\/d\/setas\/whatsapp-image-2024-11-01-at-19-20-33-jpeg?imageThumbnail=3\">      <\/source>  <\/p>\n<p style=\"text-align: justify\">Para a secret\u00e1ria de Assist\u00eancia Social e Cidadania da Setasc, coronel Grasi Paes Bugalho, \u00e9 fundamental pensar pol\u00edticas para a garantia de direitos e prote\u00e7\u00e3o das mulheres no Estado.<\/p>\n<p style=\"text-align: justify\">\u201cTer um \u00f3rg\u00e3o de pol\u00edtica p\u00fablica para mulher \u00e9 muito importante. Realizar a\u00e7\u00f5es de inclus\u00e3o social nos v\u00e1rios setores da sociedade, seja na assist\u00eancia social, esporte, sa\u00fade e educa\u00e7\u00e3o, porque tamb\u00e9m \u00e9 na educa\u00e7\u00e3o que precisamos capacitar professores para ensinar sobre a educa\u00e7\u00e3o e respeito \u00e0s mulheres desde cedo, para que os alunos n\u00e3o reproduzam uma viol\u00eancia que \u00e0s vezes est\u00e1 presente dentro do pr\u00f3prio lar. \u00c9 importante capacitar e levar conhecimento sobre o enfrentamento \u00e0 viol\u00eancia contra a mulher para toda a sociedade\u201d, ressaltou Grasi.<\/p>\n<p style=\"text-align: justify\">A expedi\u00e7\u00e3o est\u00e1 na sua 9\u00aa edi\u00e7\u00e3o, percorrendo 15 Regi\u00f5es Integradas da Seguran\u00e7a P\u00fablica (RISP). De acordo com a secret\u00e1ria adjunta de Assist\u00eancia Social da Setasc (SAAS), Miranir Oliveira, a capacita\u00e7\u00e3o em Tangar\u00e1 da Serra foi muito proveitosa.<\/p>\n<p style=\"text-align: justify\">\u201cNa Expedi\u00e7\u00e3o, realizamos diversas capacita\u00e7\u00f5es com o p\u00fablico geral, Pol\u00edcia Civil, Pol\u00edcia Militar, trabalhadores sociais do CRAS e CREAS e de outras pol\u00edticas p\u00fablicas do munic\u00edpio. A partir da Expedi\u00e7\u00e3o, tamb\u00e9m executamos o Programa SER Fam\u00edlia Mulher em toda a regi\u00e3o, proporcionando \u00e0s v\u00edtimas de viol\u00eancia prote\u00e7\u00e3o integral no que se refere aos seus direitos\u201d, completou a secret\u00e1ria.<\/p>\n<p style=\"text-align: justify\">Segundo a secret\u00e1ria municipal de assist\u00eancia social de Tangar\u00e1 da Serra, M\u00e1rcia Kiss, esse t\u00f3pico \u00e9 fundamental para ensinar toda a popula\u00e7\u00e3o sobre a\u00e7\u00f5es a serem tomadas para evitar a viol\u00eancia. <\/p>\n<p style=\"text-align: justify\"><source><img decoding=\"async\" alt=\"\" height=\"266\" src=\"https:\/\/www.secom.mt.gov.br\/documents\/d\/setas\/whatsapp-image-2024-11-01-at-19-20-28-jpeg?imageThumbnail=3\">      <\/source>  <\/p>\n<p style=\"text-align: justify\">\u201cTer a expedi\u00e7\u00e3o em Tangar\u00e1 da Serra \u00e9 extremamente importante, porque faz com que a gente consiga ter essa garantia do direito para as mulheres que s\u00e3o v\u00edtimas de viol\u00eancia. Podemos, cada vez mais, ter pol\u00edticas p\u00fablicas voltadas \u00e0s mulheres, e isso \u00e9 o mais importante para todas n\u00f3s. Agrade\u00e7o ao nosso governador Mauro Mendes e \u00e0 nossa primeira-dama Virginia Mendes, que sempre pensam em pol\u00edticas de direitos para as mulheres do nosso estado\u201d, ressaltou.<\/p>\n<p style=\"text-align: justify\">Os munic\u00edpios de Mato Grosso possuem uma grande concentra\u00e7\u00e3o de povos origin\u00e1rios espalhados em diferentes regi\u00f5es do Estado, e em Tangar\u00e1 n\u00e3o \u00e9 diferente. A expedi\u00e7\u00e3o do SER Fam\u00edlia Mulher busca levar conhecimento a todas as mulheres e popula\u00e7\u00e3o das Regi\u00f5es Integradas da Seguran\u00e7a P\u00fablica.<\/p>\n<p style=\"text-align: justify\">Para a conselheira-suplente do Conselho Municipal dos Direitos da Mulher de Tangar\u00e1 da Serra, Nilce Zonizokemairo, da etnia Haliti-Paresi, o olhar da primeira-dama Virginia Mendes para a popula\u00e7\u00e3o ind\u00edgena \u00e9 imprescind\u00edvel para garantir a prote\u00e7\u00e3o e assegurar os direitos de todas elas no estado.<\/p>\n<p style=\"text-align: justify\">\u201c\u00c9 muito importante ter esse tipo de evento aqui no munic\u00edpio, porque vai fortalecer a quest\u00e3o do combate viol\u00eancia contra a mulher. Infelizmente em todos os lugares h\u00e1 essa viol\u00eancia, e na comunidade ind\u00edgena n\u00e3o \u00e9 diferente. Estamos buscando fortalecer a prote\u00e7\u00e3o para as mulheres ind\u00edgenas tamb\u00e9m, e participar de eventos como esse \u00e9 importante para a popula\u00e7\u00e3o, e eu, como representante e lideran\u00e7a ind\u00edgena, levo para as comunidades ind\u00edgenas todo o conhecimento adquirido na Expedi\u00e7\u00e3o\u201d, finalizou.<\/p>\n<p style=\"text-align: justify\"><source><img decoding=\"async\" alt=\"\" height=\"266\" src=\"https:\/\/www.secom.mt.gov.br\/documents\/d\/setas\/whatsapp-image-2024-11-01-at-19-20-17-jpeg?imageThumbnail=3\">      <\/source>  <\/p>\n<p style=\"text-align: justify\"><strong>Expedi\u00e7\u00e3o SER Fam\u00edlia Mulher \u2013 MT Por Elas<\/strong><\/p>\n<p dir=\"ltr\" style=\"text-align: justify\">A Expedi\u00e7\u00e3o SER Fam\u00edlia Mulher \u2013 MT Por tem como objetivo fortalecer as pol\u00edticas p\u00fablicas e o combate \u00e0 viol\u00eancia contra as mulheres nos munic\u00edpios do Estado. <\/p>\n<p dir=\"ltr\" style=\"text-align: justify\">A Expedi\u00e7\u00e3o ser\u00e1 realizada nas 15 Regi\u00f5es Integradas da Seguran\u00e7a P\u00fablica (RISP), tendo um munic\u00edpio como sede em cada regi\u00e3o, assim, percorrendo 15 munic\u00edpios, com participa\u00e7\u00e3o dos demais que integram a regi\u00e3o. As capacita\u00e7\u00f5es ofertadas para as equipes da rede socioassistencial, do munic\u00edpio sede, durante a expedi\u00e7\u00e3o, ter\u00e3o a participa\u00e7\u00e3o das equipes dos munic\u00edpios que abrangem a RISP.<\/p>\n<p dir=\"ltr\" style=\"text-align: justify\">A iniciativa conta com o apoio e parcerias das Prefeituras Municipais, Associa\u00e7\u00e3o Mato-grossense dos Munic\u00edpios, Pol\u00edcia Judici\u00e1ria Civil (PJC), Pol\u00edcia Militar (PM), Corpo de Bombeiros Militar (CBM), Tribunal de Justi\u00e7a de MT (TJMT), Minist\u00e9rio P\u00fablico de MT (MPMT), Defensoria P\u00fablica do Estado, Ordem dos Advogados do Brasil (OAB-MT) e outras entidades.<\/p>\n<p id=\"infocoweb_fonte\" class=\"infocoweb_fonte\">Fonte: Governo MT \u2013 MT<\/p>\n<style>#infocoweb_cabecalho {\n        display: inline-block;\n        margin-top: -75px;\n        position: absolute;\n        right: 0;\n    }\n<\/style>\n<style><\/style>\n<\/div>\n<div id=\"infocoweb_rodape\" class=\"infocoweb_rodape\"><\/div>\n<\/div>\n<p>O post Expedi\u00e7\u00e3o SER Fam\u00edlia Mulher leva capacita\u00e7\u00e3o para o combate \u00e0 viol\u00eancia dom\u00e9stica a Tangar\u00e1 da Serra apareceu primeiro em Portal MT.<\/p>\n<\/div>\n","protected":false},"excerpt":{"rendered":"<p>A Secretaria de Estado de Assist\u00eancia Social (Setasc), promoveu, nos dias 31 de outubro e<\/p>\n","protected":false},"author":2,"featured_media":33355,"comment_status":"registered_only","ping_status":"closed","sticky":false,"template":"","format":"standard","meta":{"footnotes":""},"categories":[7],"tags":[],"aioseo_notices":[],"_links":{"self":[{"href":"https:\/\/portalnewsgta.com.br\/index.php\/wp-json\/wp\/v2\/posts\/33354"}],"collection":[{"href":"https:\/\/portalnewsgta.com.br\/index.php\/wp-json\/wp\/v2\/posts"}],"about":[{"href":"https:\/\/portalnewsgta.com.br\/index.php\/wp-json\/wp\/v2\/types\/post"}],"author":[{"embeddable":true,"href":"https:\/\/portalnewsgta.com.br\/index.php\/wp-json\/wp\/v2\/users\/2"}],"replies":[{"embeddable":true,"href":"https:\/\/portalnewsgta.com.br\/index.php\/wp-json\/wp\/v2\/comments?post=33354"}],"version-history":[{"count":0,"href":"https:\/\/portalnewsgta.com.br\/index.php\/wp-json\/wp\/v2\/posts\/33354\/revisions"}],"wp:featuredmedia":[{"embeddable":true,"href":"https:\/\/portalnewsgta.com.br\/index.php\/wp-json\/wp\/v2\/media\/33355"}],"wp:attachment":[{"href":"https:\/\/portalnewsgta.com.br\/index.php\/wp-json\/wp\/v2\/media?parent=33354"}],"wp:term":[{"taxonomy":"category","embeddable":true,"href":"https:\/\/portalnewsgta.com.br\/index.php\/wp-json\/wp\/v2\/categories?post=33354"},{"taxonomy":"post_tag","embeddable":true,"href":"https:\/\/portalnewsgta.com.br\/index.php\/wp-json\/wp\/v2\/tags?post=33354"}],"curies":[{"name":"wp","href":"https:\/\/api.w.org\/{rel}","templated":true}]}}