{"id":33318,"date":"2024-11-02T19:00:33","date_gmt":"2024-11-02T22:00:33","guid":{"rendered":"https:\/\/portalnewsgta.com.br\/index.php\/2024\/11\/02\/policia-militar-participa-de-acao-social-em-comemoracao-do-dia-das-criancas-da-associacao-cia-do-sorriso\/"},"modified":"2024-11-02T19:00:33","modified_gmt":"2024-11-02T22:00:33","slug":"policia-militar-participa-de-acao-social-em-comemoracao-do-dia-das-criancas-da-associacao-cia-do-sorriso","status":"publish","type":"post","link":"https:\/\/portalnewsgta.com.br\/index.php\/2024\/11\/02\/policia-militar-participa-de-acao-social-em-comemoracao-do-dia-das-criancas-da-associacao-cia-do-sorriso\/","title":{"rendered":"Pol\u00edcia Militar participa de a\u00e7\u00e3o social em comemora\u00e7\u00e3o do Dia das Crian\u00e7as da Associa\u00e7\u00e3o Cia do Sorriso"},"content":{"rendered":"<div>\n<div id=\"infocoweb\" data-uuid=\"e08c06b4-d572-4cbc-a248-bba6523e3d62\" class=\"infocoweb infocoweb_canal_61\">\n<div id=\"infocoweb_cabecalho\" class=\"infocoweb_cabecalho\"><\/div>\n<div id=\"infocoweb_corpo\" class=\"infocoweb_corpo\"><span class=\"ifn_post_add_feature_image_to_the_top\"><\/span><\/p>\n<p dir=\"ltr\" style=\"text-align: justify\">A Pol\u00edcia Militar de Mato Grosso promoveu uma manh\u00e3 diferente para 150 crian\u00e7as e seus familiares, atendidos pela Associa\u00e7\u00e3o Companhia do Sorriso, neste s\u00e1bado (02.11), em Cuiab\u00e1. Equipes da PM fizeram a alegria dos pequenos durante a comemora\u00e7\u00e3o do Dia das Crian\u00e7as, promovida pela associa\u00e7\u00e3o para as crian\u00e7as em tratamento com c\u00e2ncer.<\/p>\n<p dir=\"ltr\" style=\"text-align: justify\">A celebra\u00e7\u00e3o foi realizada no Posto Bom Clima, no bairro Jardim Monte L\u00edbano. No local, a PM levou descontra\u00e7\u00e3o com a presen\u00e7a do Corpo Musical e suas equipes.<\/p>\n<p dir=\"ltr\" style=\"text-align: justify\">Durante a manh\u00e3, as crian\u00e7as tamb\u00e9m puderam tirar fotos com os animais da Cavalaria e do Canil do Batalh\u00e3o de Opera\u00e7\u00f5es Especiais (Bope) e conhecer de perto a Companhia Raio e o Batalh\u00e3o Ambiental.<\/p>\n<p dir=\"ltr\" style=\"text-align: justify\"><source><img decoding=\"async\" alt=\"\" height=\"266\" src=\"https:\/\/www.secom.mt.gov.br\/documents\/d\/pm\/cia-do-sorriso-4-jpg?imageThumbnail=3\">      <\/source>  <\/p>\n<p dir=\"ltr\" style=\"text-align: justify\">O comandante-geral da Pol\u00edcia Militar de Mato Grosso, coronel Alexandre Corr\u00eaa Mendes, destacou que a PMMT tem a fun\u00e7\u00e3o social de se estar perto da sociedade, de todas as formas, e afirmou se sentir honrado em poder proporcionar um dia diferente para essas crian\u00e7as.<\/p>\n<p dir=\"ltr\" style=\"text-align: justify\">\u201cEntramos de corpo e alma ao recebermos o convite, e isso ainda \u00e9 muito pouco perto de tudo que essas crian\u00e7as merecem. Tamb\u00e9m temos essa importante fun\u00e7\u00e3o social e todos n\u00f3s ganhamos com isso, principalmente trazendo aqui alegria e descontra\u00e7\u00e3o, tirando esses pequenos de momentos t\u00e3o dif\u00edceis. Que com isso, possa ser um dia mais leve e que Deus possa aben\u00e7oar a todos\u201d, afirmou o comandante-geral.<\/p>\n<p dir=\"ltr\" style=\"text-align: justify\"><source><img decoding=\"async\" alt=\"\" height=\"266\" src=\"https:\/\/www.secom.mt.gov.br\/documents\/d\/pm\/cia-do-sorriso-2-jpg?imageThumbnail=3\">      <\/source>  <\/p>\n<p dir=\"ltr\" style=\"text-align: justify\">A Associa\u00e7\u00e3o Companhia do Sorriso existe h\u00e1 14 anos em Cuiab\u00e1. O trabalho beneficente faz o acolhimento de crian\u00e7as em tratamento com c\u00e2ncer e seus familiares. A presidente da Associa\u00e7\u00e3o, Silvana Rodrigues, explicou que a presen\u00e7a da Pol\u00edcia Militar \u00e9 muito especial para as crian\u00e7as.<\/p>\n<p dir=\"ltr\" style=\"text-align: justify\">\u201c\u00c9 uma importante parceria com a Pol\u00edcia Militar, que uma vez nos fez uma visita e se surpreendeu com o nosso trabalho grandioso de 14 anos. Eles se ofereceram para trazer a banda e todas as equipes. Todas nossas crian\u00e7as do grupo ficaram muito felizes com esse momento especial e todos est\u00e3o aqui prestigiando esse evento\u201d, explicou Silvana.<\/p>\n<p dir=\"ltr\" style=\"text-align: justify\">Volunt\u00e1ria do projeto e tamb\u00e9m paciente oncol\u00f3gica, Carla Soler, tamb\u00e9m agradeceu a presen\u00e7a da Pol\u00edcia Militar no evento e ressaltou a import\u00e2ncia da Associa\u00e7\u00e3o Companhia do Sorriso para o acolhimento dessas crian\u00e7as e o trabalho realizado pela equipe.<\/p>\n<p dir=\"ltr\" style=\"text-align: justify\"><source><img decoding=\"async\" alt=\"\" height=\"266\" src=\"https:\/\/www.secom.mt.gov.br\/documents\/d\/pm\/cia-do-sorriso-3-jpg?imageThumbnail=3\">      <\/source>  <\/p>\n<p dir=\"ltr\" style=\"text-align: justify\">\u201cAqui temos um olhar n\u00e3o s\u00f3 para a crian\u00e7a, mas tamb\u00e9m para toda a fam\u00edlia. Muitas m\u00e3es que n\u00e3o t\u00eam condi\u00e7\u00f5es de trabalhar, n\u00f3s tentamos atender com suporte. Tamb\u00e9m temos uma casa de apoio rotativa, onde recebemos pessoas de Mato Grosso e estados vizinhos. Realizamos sonhos e estamos comemorando hoje o dia das crian\u00e7as, com ajuda dos nossos volunt\u00e1rios e parceiros e, claro, da Pol\u00edcia Militar alegrando a todos\u201d, afirmou.<\/p>\n<p dir=\"ltr\" style=\"text-align: justify\">A manh\u00e3 especial foi muito bem recebida por todos, incluindo Roseane Veras, m\u00e3e da pequena Larissa Manoela, de dois anos, que \u00e9 acolhida pela associa\u00e7\u00e3o. <\/p>\n<p dir=\"ltr\" style=\"text-align: justify\">\u201cA casa de apoio Companhia do Sorriso representa, para mim, acolhimento, cuidados e amor. Eu agrade\u00e7o muito a Deus, por tudo o que eles fazem por todas nossas crian\u00e7as com tratamento de c\u00e2ncer, somos muito bem acolhidos. Saber que viemos de longe e que temos um apoio aqui em Cuiab\u00e1, passa uma seguran\u00e7a muito grande para todos n\u00f3s, e eu sou muito grata por esse projeto lindo e maravilhoso\u201d, agradeceu.<\/p>\n<p dir=\"ltr\" style=\"text-align: justify\"><source><img decoding=\"async\" alt=\"\" height=\"266\" src=\"https:\/\/www.secom.mt.gov.br\/documents\/d\/pm\/cia-do-sorriso-5-jpg?imageThumbnail=3\">      <\/source>  <\/p>\n<p id=\"infocoweb_fonte\" class=\"infocoweb_fonte\">Fonte: Governo MT \u2013 MT<\/p>\n<style>#infocoweb_cabecalho {\n        display: inline-block;\n        margin-top: -75px;\n        position: absolute;\n        right: 0;\n    }\n<\/style>\n<style><\/style>\n<\/div>\n<div id=\"infocoweb_rodape\" class=\"infocoweb_rodape\"><\/div>\n<\/div>\n<p>O post Pol\u00edcia Militar participa de a\u00e7\u00e3o social em comemora\u00e7\u00e3o do Dia das Crian\u00e7as da Associa\u00e7\u00e3o Cia do Sorriso apareceu primeiro em Portal MT.<\/p>\n<\/div>\n","protected":false},"excerpt":{"rendered":"<p>A Pol\u00edcia Militar de Mato Grosso promoveu uma manh\u00e3 diferente para 150 crian\u00e7as e seus<\/p>\n","protected":false},"author":2,"featured_media":33319,"comment_status":"registered_only","ping_status":"closed","sticky":false,"template":"","format":"standard","meta":{"footnotes":""},"categories":[7],"tags":[],"aioseo_notices":[],"_links":{"self":[{"href":"https:\/\/portalnewsgta.com.br\/index.php\/wp-json\/wp\/v2\/posts\/33318"}],"collection":[{"href":"https:\/\/portalnewsgta.com.br\/index.php\/wp-json\/wp\/v2\/posts"}],"about":[{"href":"https:\/\/portalnewsgta.com.br\/index.php\/wp-json\/wp\/v2\/types\/post"}],"author":[{"embeddable":true,"href":"https:\/\/portalnewsgta.com.br\/index.php\/wp-json\/wp\/v2\/users\/2"}],"replies":[{"embeddable":true,"href":"https:\/\/portalnewsgta.com.br\/index.php\/wp-json\/wp\/v2\/comments?post=33318"}],"version-history":[{"count":0,"href":"https:\/\/portalnewsgta.com.br\/index.php\/wp-json\/wp\/v2\/posts\/33318\/revisions"}],"wp:featuredmedia":[{"embeddable":true,"href":"https:\/\/portalnewsgta.com.br\/index.php\/wp-json\/wp\/v2\/media\/33319"}],"wp:attachment":[{"href":"https:\/\/portalnewsgta.com.br\/index.php\/wp-json\/wp\/v2\/media?parent=33318"}],"wp:term":[{"taxonomy":"category","embeddable":true,"href":"https:\/\/portalnewsgta.com.br\/index.php\/wp-json\/wp\/v2\/categories?post=33318"},{"taxonomy":"post_tag","embeddable":true,"href":"https:\/\/portalnewsgta.com.br\/index.php\/wp-json\/wp\/v2\/tags?post=33318"}],"curies":[{"name":"wp","href":"https:\/\/api.w.org\/{rel}","templated":true}]}}