{"id":33316,"date":"2024-11-02T18:01:14","date_gmt":"2024-11-02T21:01:14","guid":{"rendered":"https:\/\/portalnewsgta.com.br\/index.php\/2024\/11\/02\/atletas-com-deficiencia-de-mt-competem-em-mundiais-de-para-jiu-jitsu-na-grecia-e-nos-emirados-arabes-unidos\/"},"modified":"2024-11-02T18:01:14","modified_gmt":"2024-11-02T21:01:14","slug":"atletas-com-deficiencia-de-mt-competem-em-mundiais-de-para-jiu-jitsu-na-grecia-e-nos-emirados-arabes-unidos","status":"publish","type":"post","link":"https:\/\/portalnewsgta.com.br\/index.php\/2024\/11\/02\/atletas-com-deficiencia-de-mt-competem-em-mundiais-de-para-jiu-jitsu-na-grecia-e-nos-emirados-arabes-unidos\/","title":{"rendered":"Atletas com defici\u00eancia de MT competem em Mundiais de Para Jiu-Jitsu na Gr\u00e9cia e nos Emirados \u00c1rabes Unidos"},"content":{"rendered":"<div>\n<div id=\"infocoweb\" data-uuid=\"9757e23b-b48b-4960-895a-3ae77ede131d\" class=\"infocoweb infocoweb_canal_61\">\n<div id=\"infocoweb_cabecalho\" class=\"infocoweb_cabecalho\"><\/div>\n<div id=\"infocoweb_corpo\" class=\"infocoweb_corpo\"><span class=\"ifn_post_add_feature_image_to_the_top\"><\/span><\/p>\n<p>Atletas com defici\u00eancia da Associa\u00e7\u00e3o de Jiu-Jitsu Paradesportivo, de Barra Gar\u00e7as (a 520 km de Cuiab\u00e1), representam Mato Grosso em competi\u00e7\u00f5es internacionais da modalidade na Gr\u00e9cia e nos Emirados \u00c1rabes Unidos. As competi\u00e7\u00f5es come\u00e7aram nessa semana e seguem at\u00e9 o dia 7 de novembro.  <\/p>\n<p>A delega\u00e7\u00e3o mato-grossense contou com o apoio da Secretaria de Estado de Cultura, Esporte e Lazer (Secel-MT) para a viagem, que est\u00e1 sendo acompanhada pelo governador Mauro Mendes, o secret\u00e1rio da Secel, David Moura, e pela primeira-dama do Estado, Virginia Mendes, reconhecida como madrinha nacional e embaixadora mundial do Parajiu-Jitsu. <\/p>\n<p>Na Gr\u00e9cia, os atletas disputaram o World Championship de Jiu Jitsu Paradesportivo, de 23 a 28 de outubro, em Heraklion, na ilha de Creta. Das 12 medalhas da delega\u00e7\u00e3o brasileira na competi\u00e7\u00e3o, Mato Grosso conquistou 9, sendo tr\u00eas de ouro, quatro de prata e duas de bronze. O p\u00f3dio foi alcan\u00e7ado em categorias de atletas com les\u00e3o medular, paralisia cerebral e amputados, al\u00e9m da inclus\u00e3o reversa. <\/p>\n<p>A pr\u00f3xima parada ser\u00e1 Abu Dhabi, a capital dos Emirados \u00c1rabes Unidos, para o Mundial de Para Jiu-jitsu, que ocorrer\u00e1 nos dias 6 e 7 de novembro. A competi\u00e7\u00e3o paradesportiva faz parte do Campeonato Mundial de Jiu-Jitsu Profissional de Abu Dhabi, que \u00e9 considerado o maior e mais prestigiado evento da modalidade no mundo.<\/p>\n<p>\u201c\u00c9 uma satisfa\u00e7\u00e3o apoiar e prestigiar de pertinho as conquistas do paradesporto mato-grossense. Agrade\u00e7o ao governador Mauro Mendes e \u00e0 primeira-dama Virginia Mendes por acreditarem no poder de inclus\u00e3o do esporte, dando suporte aos atletas com defici\u00eancia dentro do Estado e fora dele. E parab\u00e9ns aos nossos lutadores e lutadoras do Para Jiu-Jitsu por representarem t\u00e3o bem nosso Estado\u201d, destaca o secret\u00e1rio da Secel, David Moura.<\/p>\n<p><source><img decoding=\"async\" alt=\"\" height=\"267\" src=\"https:\/\/www.secom.mt.gov.br\/documents\/d\/sec\/mundial-de-jiu-jitsu_david-jpeg?imageThumbnail=3\">      <\/source>  <\/p>\n<p><strong>A Associa\u00e7\u00e3o de Para Jiu-Jitsu<\/strong><\/p>\n<p>A Associa\u00e7\u00e3o Mato-grossense de Jiu-Jitsu Paradesportivo atua h\u00e1 9 anos em Barra Gar\u00e7as, mudando a vida de pessoas com defici\u00eancia por meio do esporte.<\/p>\n<p>A institui\u00e7\u00e3o \u00e9 uma das contempladas no programa Pontos de Esporte e Lazer da Secel, que, desde 2020, busca fortalecer projetos esportivos de interesse social e coletivo desenvolvidos nas comunidades.<\/p>\n<p id=\"infocoweb_fonte\" class=\"infocoweb_fonte\">Fonte: Governo MT \u2013 MT<\/p>\n<style>#infocoweb_cabecalho {\n        display: inline-block;\n        margin-top: -75px;\n        position: absolute;\n        right: 0;\n    }\n<\/style>\n<style><\/style>\n<\/div>\n<div id=\"infocoweb_rodape\" class=\"infocoweb_rodape\"><\/div>\n<\/div>\n<p>O post Atletas com defici\u00eancia de MT competem em Mundiais de Para Jiu-Jitsu na Gr\u00e9cia e nos Emirados \u00c1rabes Unidos apareceu primeiro em Portal MT.<\/p>\n<\/div>\n","protected":false},"excerpt":{"rendered":"<p>Atletas com defici\u00eancia da Associa\u00e7\u00e3o de Jiu-Jitsu Paradesportivo, de Barra Gar\u00e7as (a 520 km de<\/p>\n","protected":false},"author":2,"featured_media":33317,"comment_status":"registered_only","ping_status":"closed","sticky":false,"template":"","format":"standard","meta":{"footnotes":""},"categories":[7],"tags":[],"aioseo_notices":[],"_links":{"self":[{"href":"https:\/\/portalnewsgta.com.br\/index.php\/wp-json\/wp\/v2\/posts\/33316"}],"collection":[{"href":"https:\/\/portalnewsgta.com.br\/index.php\/wp-json\/wp\/v2\/posts"}],"about":[{"href":"https:\/\/portalnewsgta.com.br\/index.php\/wp-json\/wp\/v2\/types\/post"}],"author":[{"embeddable":true,"href":"https:\/\/portalnewsgta.com.br\/index.php\/wp-json\/wp\/v2\/users\/2"}],"replies":[{"embeddable":true,"href":"https:\/\/portalnewsgta.com.br\/index.php\/wp-json\/wp\/v2\/comments?post=33316"}],"version-history":[{"count":0,"href":"https:\/\/portalnewsgta.com.br\/index.php\/wp-json\/wp\/v2\/posts\/33316\/revisions"}],"wp:featuredmedia":[{"embeddable":true,"href":"https:\/\/portalnewsgta.com.br\/index.php\/wp-json\/wp\/v2\/media\/33317"}],"wp:attachment":[{"href":"https:\/\/portalnewsgta.com.br\/index.php\/wp-json\/wp\/v2\/media?parent=33316"}],"wp:term":[{"taxonomy":"category","embeddable":true,"href":"https:\/\/portalnewsgta.com.br\/index.php\/wp-json\/wp\/v2\/categories?post=33316"},{"taxonomy":"post_tag","embeddable":true,"href":"https:\/\/portalnewsgta.com.br\/index.php\/wp-json\/wp\/v2\/tags?post=33316"}],"curies":[{"name":"wp","href":"https:\/\/api.w.org\/{rel}","templated":true}]}}