{"id":33312,"date":"2024-11-02T15:45:04","date_gmt":"2024-11-02T18:45:04","guid":{"rendered":"https:\/\/portalnewsgta.com.br\/index.php\/2024\/11\/02\/ha-sete-anos-sobria-jessica-simpson-comemora-a-sua-liberdade\/"},"modified":"2024-11-02T15:45:04","modified_gmt":"2024-11-02T18:45:04","slug":"ha-sete-anos-sobria-jessica-simpson-comemora-a-sua-liberdade","status":"publish","type":"post","link":"https:\/\/portalnewsgta.com.br\/index.php\/2024\/11\/02\/ha-sete-anos-sobria-jessica-simpson-comemora-a-sua-liberdade\/","title":{"rendered":"H\u00e1 sete anos s\u00f3bria, Jessica Simpson comemora a sua &#8216;liberdade&#8217;"},"content":{"rendered":"<p>Jessica Simpson est\u00e1 s\u00f3bria h\u00e1 sete anos. A cantora de 44 anos anunciou a sua conquista com uma publica\u00e7\u00e3o no Instagram, compartilhada na sexta-feira, dia 1 de novembro.<\/p>\n<div class=\"dummyPub\">\u00a0<\/div>\n<p>No dia de hoje, h\u00e1 sete anos, mergulhei na luz de ser livre do \u00e1lcool&#8221;.<\/p>\n<p>Na publica\u00e7\u00e3o pode ver-se Simpson numa fotografia em preto e branco e olhando pela janela de um avi\u00e3o.<\/p>\n<p>Na se\u00e7\u00e3o de coment\u00e1rios, v\u00e1rios seguidores e amigos aplaudiram o seu marco.<\/p>\n<div><a href=\"https:\/\/www.instagram.com\/p\/DB2damAPeVH\/?utm_source=ig_embed&amp;utm_campaign=loading\" target=\"_blank\" rel=\"noopener\"><\/p>\n<div>\n<div>\u00a0<\/div>\n<div>\n<div>\u00a0<\/div>\n<div>\u00a0<\/div>\n<\/div>\n<\/div>\n<div>\u00a0<\/div>\n<div>\u00a0<\/div>\n<div>\n<div>Ver esta publica\u00e7\u00e3o no Instagram<\/div>\n<\/div>\n<div>\u00a0<\/div>\n<div>\n<div>\n<div>\u00a0<\/div>\n<div>\u00a0<\/div>\n<div>\u00a0<\/div>\n<\/div>\n<div>\n<div>\u00a0<\/div>\n<div>\u00a0<\/div>\n<\/div>\n<div>\n<div>\u00a0<\/div>\n<div>\u00a0<\/div>\n<div>\u00a0<\/div>\n<\/div>\n<\/div>\n<div>\n<div>\u00a0<\/div>\n<div>\u00a0<\/div>\n<\/div>\n<p><\/a><\/p>\n<p><a href=\"https:\/\/www.instagram.com\/p\/DB2damAPeVH\/?utm_source=ig_embed&amp;utm_campaign=loading\" target=\"_blank\" rel=\"noopener\">Uma publica\u00e7\u00e3o partilhada por Jessica Simpson (@jessicasimpson)<\/a><\/p>\n<\/div>\n<p>Leia Tamb\u00e9m: <a href=\"https:\/\/www.noticiasaominuto.com.br\/celebridades\/2221868\/nunca-pensei-que-ele-fosse-matar-minha-irma-diz-denise-brown-sobre-oj-simpson\" target=\"_blank\" rel=\"noopener\">Nunca pensei que ele fosse matar minha irm\u00e3, diz Denise Brown sobre O.J. Simpson<\/a><\/p>\n<p>Fonte: noticiasaominuto.com.br<\/p>\n","protected":false},"excerpt":{"rendered":"<p>Jessica Simpson est\u00e1 s\u00f3bria h\u00e1 sete anos. A cantora de 44 anos anunciou a sua<\/p>\n","protected":false},"author":0,"featured_media":33313,"comment_status":"open","ping_status":"open","sticky":false,"template":"","format":"standard","meta":{"footnotes":""},"categories":[6],"tags":[],"aioseo_notices":[],"_links":{"self":[{"href":"https:\/\/portalnewsgta.com.br\/index.php\/wp-json\/wp\/v2\/posts\/33312"}],"collection":[{"href":"https:\/\/portalnewsgta.com.br\/index.php\/wp-json\/wp\/v2\/posts"}],"about":[{"href":"https:\/\/portalnewsgta.com.br\/index.php\/wp-json\/wp\/v2\/types\/post"}],"replies":[{"embeddable":true,"href":"https:\/\/portalnewsgta.com.br\/index.php\/wp-json\/wp\/v2\/comments?post=33312"}],"version-history":[{"count":0,"href":"https:\/\/portalnewsgta.com.br\/index.php\/wp-json\/wp\/v2\/posts\/33312\/revisions"}],"wp:featuredmedia":[{"embeddable":true,"href":"https:\/\/portalnewsgta.com.br\/index.php\/wp-json\/wp\/v2\/media\/33313"}],"wp:attachment":[{"href":"https:\/\/portalnewsgta.com.br\/index.php\/wp-json\/wp\/v2\/media?parent=33312"}],"wp:term":[{"taxonomy":"category","embeddable":true,"href":"https:\/\/portalnewsgta.com.br\/index.php\/wp-json\/wp\/v2\/categories?post=33312"},{"taxonomy":"post_tag","embeddable":true,"href":"https:\/\/portalnewsgta.com.br\/index.php\/wp-json\/wp\/v2\/tags?post=33312"}],"curies":[{"name":"wp","href":"https:\/\/api.w.org\/{rel}","templated":true}]}}