{"id":33290,"date":"2024-11-02T12:42:53","date_gmt":"2024-11-02T15:42:53","guid":{"rendered":"https:\/\/portalnewsgta.com.br\/index.php\/2024\/11\/02\/jorge-jesus-critica-dorival-por-ausencia-de-renan-lodi-nao-esta-vendo-os-jogos-do-al-hilal\/"},"modified":"2024-11-02T12:42:53","modified_gmt":"2024-11-02T15:42:53","slug":"jorge-jesus-critica-dorival-por-ausencia-de-renan-lodi-nao-esta-vendo-os-jogos-do-al-hilal","status":"publish","type":"post","link":"https:\/\/portalnewsgta.com.br\/index.php\/2024\/11\/02\/jorge-jesus-critica-dorival-por-ausencia-de-renan-lodi-nao-esta-vendo-os-jogos-do-al-hilal\/","title":{"rendered":"Jorge Jesus critica Dorival por aus\u00eancia de Renan Lodi: &#8216;N\u00e3o est\u00e1 vendo os jogos do Al-Hilal&#8217;"},"content":{"rendered":"<p>A convoca\u00e7\u00e3o da sele\u00e7\u00e3o brasileira para as partidas contra Venezuela e Uruguai, pelas Eliminat\u00f3rias da Copa do Mundo repercutiu na Ar\u00e1bia Saudita. Jorge Jesus, t\u00e9cnico do Al-Hilal, questionou a aus\u00eancia do lateral Renan Lodi na lista divulgada por Dorival J\u00fanior na \u00faltima sexta-feira. Para o portugu\u00eas, Lodi \u00e9 o melhor da posi\u00e7\u00e3o atualmente. <\/p>\n<p>&#8220;Lodi \u00e9 o melhor lateral-esquerdo da atualidade. O treinador da sele\u00e7\u00e3o brasileira com certeza n\u00e3o est\u00e1 vendo os jogos do Al-Hilal, se n\u00e3o, iria convoc\u00e1-lo&#8221;, declarou Jorge Jesus na coletiva ap\u00f3s o empate em 1 a 1 entre Al-Hilal e Al-Nassr pelo Campeonato Saudita.<\/p>\n<\/p>\n<p>Para as laterais, Dorival optou por chamar Danilo (Juventus), Vanderson (Monaco), Abner (Lyon) e Guilherme Arana, \u00fanico que atua no Brasil, no Atl\u00e9tico-MG. Da Liga Saudita foi convocado um atleta, o goleiro Bento (Al-Nassr), que estava em campo no empate com o Al-Hilal.<\/p>\n<\/p>\n<p>Lodi n\u00e3o foi o \u00fanico jogador treinado por Jorge Jesus que ficou de fora da convoca\u00e7\u00e3o. Neymar tamb\u00e9m n\u00e3o foi chamado por Dorival. O t\u00e9cnico da sele\u00e7\u00e3o disse que os poucos minutos em campo do atacante, que retornou aos gramados depois de um ano, foram determinantes para deix\u00e1-lo de fora.<\/p>\n<\/p>\n<p>Nesse tema Jorge Jesus &#8220;concordou&#8221; com o treinador da sele\u00e7\u00e3o. &#8220;Neymar est\u00e1 h\u00e1 12 meses sem jogar, com uma les\u00e3o grave, tentando ganhar seu espa\u00e7o. Vai durar algum tempo para que ele possa se recuperar. O campeonato est\u00e1 sendo jogado de tr\u00eas em tr\u00eas dias, e o Neymar n\u00e3o tem condi\u00e7\u00f5es de jogar de tr\u00eas em tr\u00eas dias&#8221;, finalizou.<\/p>\n<p>Fonte: noticiasaominuto.com.br<\/p>\n","protected":false},"excerpt":{"rendered":"<p>A convoca\u00e7\u00e3o da sele\u00e7\u00e3o brasileira para as partidas contra Venezuela e Uruguai, pelas Eliminat\u00f3rias da<\/p>\n","protected":false},"author":0,"featured_media":33291,"comment_status":"open","ping_status":"open","sticky":false,"template":"","format":"standard","meta":{"footnotes":""},"categories":[4],"tags":[],"aioseo_notices":[],"_links":{"self":[{"href":"https:\/\/portalnewsgta.com.br\/index.php\/wp-json\/wp\/v2\/posts\/33290"}],"collection":[{"href":"https:\/\/portalnewsgta.com.br\/index.php\/wp-json\/wp\/v2\/posts"}],"about":[{"href":"https:\/\/portalnewsgta.com.br\/index.php\/wp-json\/wp\/v2\/types\/post"}],"replies":[{"embeddable":true,"href":"https:\/\/portalnewsgta.com.br\/index.php\/wp-json\/wp\/v2\/comments?post=33290"}],"version-history":[{"count":0,"href":"https:\/\/portalnewsgta.com.br\/index.php\/wp-json\/wp\/v2\/posts\/33290\/revisions"}],"wp:featuredmedia":[{"embeddable":true,"href":"https:\/\/portalnewsgta.com.br\/index.php\/wp-json\/wp\/v2\/media\/33291"}],"wp:attachment":[{"href":"https:\/\/portalnewsgta.com.br\/index.php\/wp-json\/wp\/v2\/media?parent=33290"}],"wp:term":[{"taxonomy":"category","embeddable":true,"href":"https:\/\/portalnewsgta.com.br\/index.php\/wp-json\/wp\/v2\/categories?post=33290"},{"taxonomy":"post_tag","embeddable":true,"href":"https:\/\/portalnewsgta.com.br\/index.php\/wp-json\/wp\/v2\/tags?post=33290"}],"curies":[{"name":"wp","href":"https:\/\/api.w.org\/{rel}","templated":true}]}}