{"id":31918,"date":"2024-10-23T22:43:23","date_gmt":"2024-10-24T01:43:23","guid":{"rendered":"https:\/\/portalnewsgta.com.br\/index.php\/2024\/10\/23\/gp-de-sao-paulo-de-f-1-fara-homenagens-a-wilson-fittipaldi-e-gil-de-ferran\/"},"modified":"2024-10-23T22:43:23","modified_gmt":"2024-10-24T01:43:23","slug":"gp-de-sao-paulo-de-f-1-fara-homenagens-a-wilson-fittipaldi-e-gil-de-ferran","status":"publish","type":"post","link":"https:\/\/portalnewsgta.com.br\/index.php\/2024\/10\/23\/gp-de-sao-paulo-de-f-1-fara-homenagens-a-wilson-fittipaldi-e-gil-de-ferran\/","title":{"rendered":"GP de S\u00e3o Paulo de F-1 far\u00e1 homenagens a Wilson Fittipaldi e Gil de Ferran"},"content":{"rendered":"<p>A organiza\u00e7\u00e3o do GP de S\u00e3o Paulo de F\u00f3rmula 1 anunciou nesta quarta-feira que far\u00e1 homenagens a Wilson Fittipaldi e Gil de Ferran, refer\u00eancias do automobilismo brasileiro que morreram nos \u00faltimos meses. A etapa nacional da F-1 j\u00e1 havia confirmado homenagem a Ayrton Senna, cuja morte completou tr\u00eas d\u00e9cadas neste ano.<\/p>\n<div class=\"dummyPub\">\u00a0<\/div>\n<p>Os ex-pilotos ser\u00e3o homenageados no fim de semana dos dias 1, 2 e 3 de novembro, ao longo do GP brasileiro, no Aut\u00f3dromo de Interlagos. A organiza\u00e7\u00e3o s\u00f3 confirmou a data da a\u00e7\u00e3o em refer\u00eancia a Senna no s\u00e1bado, dia 2. O GP vai colocar o hist\u00f3rico carro MP4\/5B da McLaren, de cores branca e vermelha, na pista de Interlagos.<\/p>\n<p>O nome do piloto a conduzir o monoposto permanecer\u00e1 uma surpresa at\u00e9 o momento da homenagem. Como parte da a\u00e7\u00e3o, a organiza\u00e7\u00e3o da corrida convocou os torcedores a comparecerem ao aut\u00f3dromo vestindo roupas verde e amarelo. As cores e o azul tamb\u00e9m v\u00e3o estampar as zebras do tra\u00e7ado, em refer\u00eancia \u00e0 marca do tricampe\u00e3o mundial.<\/p>\n<p>A organiza\u00e7\u00e3o do GP brasileiro ainda n\u00e3o informou como ser\u00e1 as homenagens a Wilsinho e Gil de Ferran. Irm\u00e3o mais velho de Emerson Fittipaldi, Wilsinho morreu no dia 23 de fevereiro, aos 80 anos. Al\u00e9m de ter sido piloto da F-1, ele foi um dos idealizadores da Copersucar, \u00fanica equipe brasileira a figurar no grid da categoria.<\/p>\n<p>Gil de Ferran faleceu em 29 de dezembro de 2023. O ex-piloto, nascido na Fran\u00e7a, mas que sempre defendeu as cores do Brasil nas competi\u00e7\u00f5es internacionais, venceu a tradicional 500 Milhas de Indian\u00e1polis, na F\u00f3rmula Indy, em 2003. Tamb\u00e9m fez sucesso como dirigente esportivo, inclusive na F-1, onde atuou na ent\u00e3o British American Racing (BAR) e na McLaren entre 2018 e 2019.<\/p>\n<p><span class=\"news_bold\">CASA CHEIA?<\/span><\/p>\n<p>Com rela\u00e7\u00e3o ao p\u00fablico, a organiza\u00e7\u00e3o do GP prev\u00ea que em breve alcance a marca de 300 mil pessoas no fim de semana de corrida em Interlagos. Para a edi\u00e7\u00e3o deste ano, foram feitos acr\u00e9scimos de arquibancadas, com vista especialmente para a parte mista do circuito. Em 2023, o GP contou com 267 mil espectadores.<\/p>\n<p>Argentinos devem comparecer em peso ao GP na capital paulista. Impulsionados pela presen\u00e7a de Franco Colapinto na Williams, cerca de dois mil argentinos j\u00e1 adquiriram suas entradas para etapa, de acordo com a organiza\u00e7\u00e3o.<\/p>\n<p>Colapinto tem feito muito sucesso nas redes sociais com o p\u00fablico latino. O jovem de 21 anos ascendeu ao posto de titular da equipe de Grove ap\u00f3s a demiss\u00e3o do norte-americano Logan Sargeant. O argentino estava em sua primeira temporada na F\u00f3rmula 2, categoria de acesso \u00e0 F-1, com desempenho elogi\u00e1vel. Ele conquistou uma vit\u00f3ria e, mesmo sem participar das \u00faltimas quatro corridas, est\u00e1 na s\u00e9tima coloca\u00e7\u00e3o.<\/p>\n<p>Na F\u00f3rmula 1, em duas corridas, Colapinto conquistou um oitavo e um 12\u00ba lugar. Mesmo enaltecido, o argentino n\u00e3o tem lugar confirmado entre os titulares da categoria em 2025. A Williams ter\u00e1 o tailand\u00eas Alexander Albon e o espanhol Carlos Sainz Jr. em seus cockpits. Colapinto \u00e9 citado por ve\u00edculos internacionais como um dos nomes cotados para uma vaga na Audi, posto que \u00e9 disputado tamb\u00e9m pelo brasileiro Gabriel Bortoleto.<\/p>\n<p>Fonte: noticiasaominuto.com.br<\/p>\n","protected":false},"excerpt":{"rendered":"<p>A organiza\u00e7\u00e3o do GP de S\u00e3o Paulo de F\u00f3rmula 1 anunciou nesta quarta-feira que far\u00e1<\/p>\n","protected":false},"author":0,"featured_media":31919,"comment_status":"open","ping_status":"open","sticky":false,"template":"","format":"standard","meta":{"footnotes":""},"categories":[4],"tags":[],"aioseo_notices":[],"_links":{"self":[{"href":"https:\/\/portalnewsgta.com.br\/index.php\/wp-json\/wp\/v2\/posts\/31918"}],"collection":[{"href":"https:\/\/portalnewsgta.com.br\/index.php\/wp-json\/wp\/v2\/posts"}],"about":[{"href":"https:\/\/portalnewsgta.com.br\/index.php\/wp-json\/wp\/v2\/types\/post"}],"replies":[{"embeddable":true,"href":"https:\/\/portalnewsgta.com.br\/index.php\/wp-json\/wp\/v2\/comments?post=31918"}],"version-history":[{"count":0,"href":"https:\/\/portalnewsgta.com.br\/index.php\/wp-json\/wp\/v2\/posts\/31918\/revisions"}],"wp:featuredmedia":[{"embeddable":true,"href":"https:\/\/portalnewsgta.com.br\/index.php\/wp-json\/wp\/v2\/media\/31919"}],"wp:attachment":[{"href":"https:\/\/portalnewsgta.com.br\/index.php\/wp-json\/wp\/v2\/media?parent=31918"}],"wp:term":[{"taxonomy":"category","embeddable":true,"href":"https:\/\/portalnewsgta.com.br\/index.php\/wp-json\/wp\/v2\/categories?post=31918"},{"taxonomy":"post_tag","embeddable":true,"href":"https:\/\/portalnewsgta.com.br\/index.php\/wp-json\/wp\/v2\/tags?post=31918"}],"curies":[{"name":"wp","href":"https:\/\/api.w.org\/{rel}","templated":true}]}}