{"id":31898,"date":"2024-10-23T19:01:13","date_gmt":"2024-10-23T22:01:13","guid":{"rendered":"https:\/\/portalnewsgta.com.br\/index.php\/2024\/10\/23\/criminoso-foragido-da-justica-e-preso-em-ribeirao-cascalheira\/"},"modified":"2024-10-23T19:01:13","modified_gmt":"2024-10-23T22:01:13","slug":"criminoso-foragido-da-justica-e-preso-em-ribeirao-cascalheira","status":"publish","type":"post","link":"https:\/\/portalnewsgta.com.br\/index.php\/2024\/10\/23\/criminoso-foragido-da-justica-e-preso-em-ribeirao-cascalheira\/","title":{"rendered":"Criminoso foragido da Justi\u00e7a \u00e9 preso em Ribeir\u00e3o Cascalheira"},"content":{"rendered":"<div>\n<div id=\"infocoweb\" data-uuid=\"9156da43-d3b2-45e8-a828-e437451b1147\" class=\"infocoweb infocoweb_canal_42\">\n<div id=\"infocoweb_cabecalho\" class=\"infocoweb_cabecalho\"><\/div>\n<div id=\"infocoweb_corpo\" class=\"infocoweb_corpo\"><span class=\"ifn_post_add_feature_image_to_the_top\"><\/span><\/p>\n<p align=\"justify\">Mais um criminoso foragido da Justi\u00e7a foi preso pela Pol\u00edcia Civil, na ter\u00e7a-feira (22.10), no munic\u00edpio de Ribeir\u00e3o Cascalheira (900 km a leste da Capital). <\/p>\n<p style=\"text-align: justify\">O procurado, de 28 anos, integrante de fac\u00e7\u00e3o criminosa, estava com a pris\u00e3o preventiva decretada pelo ju\u00edzo do N\u00facleo de Inqu\u00e9ritos Policiais da Comarca de Cuiab\u00e1.<\/p>\n<p style=\"text-align: justify\">Apontado como lideran\u00e7a da fac\u00e7\u00e3o, o investigado era monitorado pelas equipes das Delegacias de Ribeir\u00e3o Cascalheira e Quer\u00eancia.<\/p>\n<p style=\"text-align: justify\">O jovem foi abordado pelos policiais civis em um posto de combust\u00edvel em Ribeir\u00e3o Cascalheira, e com ele apreendido um aparelho celular e um ve\u00edculo.<\/p>\n<p style=\"text-align: justify\">O preso foi encaminhado para provid\u00eancias cab\u00edveis e posteriormente colocado \u00e0 disposi\u00e7\u00e3o do Poder Judici\u00e1rio.<\/p>\n<p id=\"infocoweb_fonte\" class=\"infocoweb_fonte\">Fonte: Policia Civil MT \u2013 MT<\/p>\n<style>#infocoweb_cabecalho {\n        display: inline-block;\n        margin-top: -75px;\n        position: absolute;\n        right: 0;\n    }\n<\/style>\n<style><\/style>\n<\/div>\n<div id=\"infocoweb_rodape\" class=\"infocoweb_rodape\"><\/div>\n<\/div>\n<p>O post Criminoso foragido da Justi\u00e7a \u00e9 preso em Ribeir\u00e3o Cascalheira apareceu primeiro em Portal MT.<\/p>\n<\/div>\n","protected":false},"excerpt":{"rendered":"<p>Mais um criminoso foragido da Justi\u00e7a foi preso pela Pol\u00edcia Civil, na ter\u00e7a-feira (22.10), no<\/p>\n","protected":false},"author":2,"featured_media":31899,"comment_status":"registered_only","ping_status":"closed","sticky":false,"template":"","format":"standard","meta":{"footnotes":""},"categories":[8],"tags":[],"aioseo_notices":[],"_links":{"self":[{"href":"https:\/\/portalnewsgta.com.br\/index.php\/wp-json\/wp\/v2\/posts\/31898"}],"collection":[{"href":"https:\/\/portalnewsgta.com.br\/index.php\/wp-json\/wp\/v2\/posts"}],"about":[{"href":"https:\/\/portalnewsgta.com.br\/index.php\/wp-json\/wp\/v2\/types\/post"}],"author":[{"embeddable":true,"href":"https:\/\/portalnewsgta.com.br\/index.php\/wp-json\/wp\/v2\/users\/2"}],"replies":[{"embeddable":true,"href":"https:\/\/portalnewsgta.com.br\/index.php\/wp-json\/wp\/v2\/comments?post=31898"}],"version-history":[{"count":0,"href":"https:\/\/portalnewsgta.com.br\/index.php\/wp-json\/wp\/v2\/posts\/31898\/revisions"}],"wp:featuredmedia":[{"embeddable":true,"href":"https:\/\/portalnewsgta.com.br\/index.php\/wp-json\/wp\/v2\/media\/31899"}],"wp:attachment":[{"href":"https:\/\/portalnewsgta.com.br\/index.php\/wp-json\/wp\/v2\/media?parent=31898"}],"wp:term":[{"taxonomy":"category","embeddable":true,"href":"https:\/\/portalnewsgta.com.br\/index.php\/wp-json\/wp\/v2\/categories?post=31898"},{"taxonomy":"post_tag","embeddable":true,"href":"https:\/\/portalnewsgta.com.br\/index.php\/wp-json\/wp\/v2\/tags?post=31898"}],"curies":[{"name":"wp","href":"https:\/\/api.w.org\/{rel}","templated":true}]}}