{"id":31890,"date":"2024-10-23T19:00:58","date_gmt":"2024-10-23T22:00:58","guid":{"rendered":"https:\/\/portalnewsgta.com.br\/index.php\/2024\/10\/23\/policia-civil-prende-criminoso-envolvido-em-furtos-dentro-de-veiculos-em-varzea-grande\/"},"modified":"2024-10-23T19:00:58","modified_gmt":"2024-10-23T22:00:58","slug":"policia-civil-prende-criminoso-envolvido-em-furtos-dentro-de-veiculos-em-varzea-grande","status":"publish","type":"post","link":"https:\/\/portalnewsgta.com.br\/index.php\/2024\/10\/23\/policia-civil-prende-criminoso-envolvido-em-furtos-dentro-de-veiculos-em-varzea-grande\/","title":{"rendered":"Pol\u00edcia Civil prende criminoso envolvido em furtos dentro de ve\u00edculos em V\u00e1rzea Grande"},"content":{"rendered":"<div>\n<div id=\"infocoweb\" data-uuid=\"aac89136-968d-4575-8499-d3755391fde2\" class=\"infocoweb infocoweb_canal_61\">\n<div id=\"infocoweb_cabecalho\" class=\"infocoweb_cabecalho\"><\/div>\n<div id=\"infocoweb_corpo\" class=\"infocoweb_corpo\"><span class=\"ifn_post_add_feature_image_to_the_top\"><\/span><\/p>\n<p style=\"text-align: justify\">Um homem foi preso em flagrante pela Pol\u00edcia Civil em V\u00e1rzea Grande, nesta segunda-feira (21.10), por atuar com a pr\u00e1tica de furto qualificado de objetos dentro de ve\u00edculos. A pris\u00e3o ocorreu durante dilig\u00eancias realizadas pelos policiais da Delegacia Especializada de Roubos e Furtos (Derf) do munic\u00edpio.<\/p>\n<p style=\"text-align: justify\">O suspeito utilizava um dispositivo para impedir que os ve\u00edculos fossem travados pelas v\u00edtima para facilitar a pr\u00e1tica do crime. Ele foi autuado em flagrante por furto qualificado.<\/p>\n<p style=\"text-align: justify\">As dilig\u00eancias iniciaram depois que uma v\u00edtima procurou a Derf-VG e relatou que foram subtra\u00eddos valores em esp\u00e9cie em dinheiro, al\u00e9m de carteira com cart\u00f5es e documentos, de dentro do seu ve\u00edculo.<\/p>\n<p style=\"text-align: justify\">Com base nas informa\u00e7\u00f5es passadas, os policiais da especializada iniciaram as dilig\u00eancias, conseguiram identificar o suspeito e realizaram a sua pris\u00e3o.<\/p>\n<p style=\"text-align: justify\">Em an\u00e1lise de c\u00e2meras de seguran\u00e7a das proximidades, foi poss\u00edvel verificar o momento que dois suspeitos chegam ao local em uma motocicleta e praticam os furtos.<\/p>\n<p style=\"text-align: justify\">Questionado sobre os fatos, o preso confessou a participa\u00e7\u00e3o no crime, sendo apreendido com ele parte dos valores subtra\u00eddos de dentro do ve\u00edculo.<\/p>\n<p style=\"text-align: justify\">Segundo as investiga\u00e7\u00f5es, os suspeitos utilizaram um aparelho conhecido como \u201cChapolin\u201d para impedir que o ve\u00edculo travado e subtra\u00edram em seguida os pertences que se encontravam dentro do carro.<\/p>\n<p style=\"text-align: justify\">Diante dos fatos, o suspeito foi conduzido \u00e0 Derf-VG, interrogado pelo delegado S\u00e9rgio Lu\u00eds, autuado em flagrante por furto qualificado e posteriormente colocado \u00e0 disposi\u00e7\u00e3o da Justi\u00e7a.<\/p>\n<p style=\"text-align: justify\">As investiga\u00e7\u00f5es seguem em andamento para identificar e prender o comparsa do suspeito no crime.<\/p>\n<p id=\"infocoweb_fonte\" class=\"infocoweb_fonte\">Fonte: Governo MT \u2013 MT<\/p>\n<style>#infocoweb_cabecalho {\n        display: inline-block;\n        margin-top: -75px;\n        position: absolute;\n        right: 0;\n    }\n<\/style>\n<style><\/style>\n<\/div>\n<div id=\"infocoweb_rodape\" class=\"infocoweb_rodape\"><\/div>\n<\/div>\n<p>O post Pol\u00edcia Civil prende criminoso envolvido em furtos dentro de ve\u00edculos em V\u00e1rzea Grande apareceu primeiro em Portal MT.<\/p>\n<\/div>\n","protected":false},"excerpt":{"rendered":"<p>Um homem foi preso em flagrante pela Pol\u00edcia Civil em V\u00e1rzea Grande, nesta segunda-feira (21.10),<\/p>\n","protected":false},"author":2,"featured_media":31891,"comment_status":"registered_only","ping_status":"closed","sticky":false,"template":"","format":"standard","meta":{"footnotes":""},"categories":[7],"tags":[],"aioseo_notices":[],"_links":{"self":[{"href":"https:\/\/portalnewsgta.com.br\/index.php\/wp-json\/wp\/v2\/posts\/31890"}],"collection":[{"href":"https:\/\/portalnewsgta.com.br\/index.php\/wp-json\/wp\/v2\/posts"}],"about":[{"href":"https:\/\/portalnewsgta.com.br\/index.php\/wp-json\/wp\/v2\/types\/post"}],"author":[{"embeddable":true,"href":"https:\/\/portalnewsgta.com.br\/index.php\/wp-json\/wp\/v2\/users\/2"}],"replies":[{"embeddable":true,"href":"https:\/\/portalnewsgta.com.br\/index.php\/wp-json\/wp\/v2\/comments?post=31890"}],"version-history":[{"count":0,"href":"https:\/\/portalnewsgta.com.br\/index.php\/wp-json\/wp\/v2\/posts\/31890\/revisions"}],"wp:featuredmedia":[{"embeddable":true,"href":"https:\/\/portalnewsgta.com.br\/index.php\/wp-json\/wp\/v2\/media\/31891"}],"wp:attachment":[{"href":"https:\/\/portalnewsgta.com.br\/index.php\/wp-json\/wp\/v2\/media?parent=31890"}],"wp:term":[{"taxonomy":"category","embeddable":true,"href":"https:\/\/portalnewsgta.com.br\/index.php\/wp-json\/wp\/v2\/categories?post=31890"},{"taxonomy":"post_tag","embeddable":true,"href":"https:\/\/portalnewsgta.com.br\/index.php\/wp-json\/wp\/v2\/tags?post=31890"}],"curies":[{"name":"wp","href":"https:\/\/api.w.org\/{rel}","templated":true}]}}