{"id":31878,"date":"2024-10-23T18:00:36","date_gmt":"2024-10-23T21:00:36","guid":{"rendered":"https:\/\/portalnewsgta.com.br\/index.php\/2024\/10\/23\/madrinha-nacional-do-parajiu-jitsu-primeira-dama-de-mt-apoia-participacao-de-atletas-de-mt-na-grecia\/"},"modified":"2024-10-23T18:00:36","modified_gmt":"2024-10-23T21:00:36","slug":"madrinha-nacional-do-parajiu-jitsu-primeira-dama-de-mt-apoia-participacao-de-atletas-de-mt-na-grecia","status":"publish","type":"post","link":"https:\/\/portalnewsgta.com.br\/index.php\/2024\/10\/23\/madrinha-nacional-do-parajiu-jitsu-primeira-dama-de-mt-apoia-participacao-de-atletas-de-mt-na-grecia\/","title":{"rendered":"Madrinha Nacional do Parajiu-jitsu, primeira-dama de MT apoia participa\u00e7\u00e3o de atletas de MT na Gr\u00e9cia"},"content":{"rendered":"<div>\n<div id=\"infocoweb\" data-uuid=\"210c81f7-1350-44dd-8215-b9ff9cd79034\" class=\"infocoweb infocoweb_canal_61\">\n<div id=\"infocoweb_cabecalho\" class=\"infocoweb_cabecalho\"><\/div>\n<div id=\"infocoweb_corpo\" class=\"infocoweb_corpo\"><span class=\"ifn_post_add_feature_image_to_the_top\"><\/span><\/p>\n<p style=\"text-align: justify\">Competidores de Jiu-Jitsu Paradesportivo e Desportivo, composta por atletas e paratletas de Barra do Gar\u00e7as e Canarana, embarcaram, nesta semana, para o Campeonato Mundial de Jiu-Jitsu, que acontece em Heraklion, na Gr\u00e9cia, entre os dias 23 e 29 de outubro. O embarque contou com o apoio do Governo do Estado e articulado pela primeira-dama Virginia Mendes, madrinha nacional do esporte.<\/p>\n<p style=\"text-align: justify\">Os competidores e a delega\u00e7\u00e3o participam do evento por meio do programa SER Fam\u00edlia Inclusivo, idealizado pela primeira-dama Virginia Mendes e gerenciado pela Secretaria de Estado de Assist\u00eancia Social e Cidadania (Setasc), com apoio da Secretaria de Estado de Cultura, Esporte e Lazer (Secel).<\/p>\n<p style=\"text-align: justify\">A equipe \u00e9 acompanhada pelo presidente e vice-presidente da Federa\u00e7\u00e3o de Jiu-Jitsu Paradesportivo (FBJJP) e da Associa\u00e7\u00e3o Mato-Grossense de Jiu-Jitsu Paradesportivo (AMTJJP), Elcirley Luz e professor M\u00e1rio Edson (Cowboy), respectivamente.<\/p>\n<p style=\"text-align: justify\">De acordo com o presidente, esta \u00e9 a maior delega\u00e7\u00e3o que Mato Grosso j\u00e1 enviou para fora do pa\u00eds. Ele agradeceu o apoio do Governo do Estado, atrav\u00e9s da primeira-dama Virginia Mendes, que abra\u00e7ou a causa ao conhecer o trabalho de inclus\u00e3o do projeto.<\/p>\n<p style=\"text-align: justify\">\u201cNa hist\u00f3ria do desporto e paradesporto, estamos em um momento hist\u00f3rico. \u00c9 a primeira representatividade em n\u00famero de participantes mato-grossenses em uma delega\u00e7\u00e3o do nosso Estado, e a primeira delega\u00e7\u00e3o paradesportiva. Isso s\u00f3 \u00e9 poss\u00edvel porque a nossa madrinha nacional, a primeira-dama Virginia Mendes, nos d\u00e1 todo o apoio por meio do Governo do Estado. Essa participa\u00e7\u00e3o confirma a for\u00e7a e o real interesse do nosso Estado em proporcionar oportunidades. Mato Grosso \u00e9 o Estado do Agro e da Inclus\u00e3o. Vamos levar isso para o mundo afora\u201d, ratificou o presidente.<\/p>\n<p style=\"text-align: justify\">\u201cN\u00f3s tivemos uma experi\u00eancia incr\u00edvel em Manaus, com total apoio da primeira-dama Virginia Mendes, atrav\u00e9s do programa SER Fam\u00edlia Inclusivo. Eu posso afirmar que estamos vencendo barreiras. Dona Virginia est\u00e1 realizando sonhos que antes pareciam imposs\u00edveis. Ela \u00e9 um exemplo de primeira-dama de Estado a ser seguido\u201d, pontuou Elcirley Luz.<\/p>\n<p style=\"text-align:center\"><source><img decoding=\"async\" alt=\"\" height=\"267\" src=\"https:\/\/www.secom.mt.gov.br\/documents\/d\/mt\/whatsapp-image-2024-10-23-at-14-58-08-jpeg\">         <\/source><\/p>\n<p style=\"text-align: justify\"> Para a primeira-dama Virginia Mendes, que est\u00e1 prestes a receber o Selo Mundial de Inclus\u00e3o, \u00e9 motivo de muita alegria ver os os paratletas conquistando tantos sonhos.<\/p>\n<p style=\"text-align: justify\">\u201cEnquanto madrinha, me sinto cada vez mais respons\u00e1vel por todos eles. Espero que outras primeiras-damas de outros estados se aproximem da inclus\u00e3o e dos paratletas que se dedicam ao esporte, que tem salvado vidas e tirado pessoas da depress\u00e3o. Estou na torcida por todos eles\u201d, disse Virginia Mendes.<\/p>\n<p style=\"text-align: justify\">\u201cMuitas pessoas com defici\u00eancia est\u00e3o vendo o que est\u00e1 acontecendo com essa equipe, e a partir dessa conquista, ir\u00e3o acreditar que \u00e9 poss\u00edvel. Essa \u00e9 nossa miss\u00e3o. Gratid\u00e3o, dona Virginia! N\u00e3o existem palavras para tantas coisas boas que a senhora tem feito por n\u00f3s\u201d, ressaltou o professor M\u00e1rio Edson.<\/p>\n<p style=\"text-align: justify\">O secret\u00e1rio de Estado de Esporte, Cultura e Lazer, David Moura, destacou a determina\u00e7\u00e3o e a for\u00e7a de vontade da equipe para participar das competi\u00e7\u00f5es.<\/p>\n<p style=\"text-align: justify\">\u201cEu admiro o quanto voc\u00eas s\u00e3o persistentes. Muitas m\u00e3os trabalharam sob a gest\u00e3o da nossa primeira-dama Virginia Mendes para que os paratletas e atletas vivessem essa experi\u00eancia. Quando atuei como atleta, tive a chance de participar das competi\u00e7\u00f5es; n\u00e3o h\u00e1 ganho maior para ampliar a mente de voc\u00eas, entender o mundo que existe de oportunidades. Esse \u00e9 somente o in\u00edcio\u201d, disse.<\/p>\n<p style=\"text-align: justify\">\u201cTenho certeza de que vamos divulgar muito essa a\u00e7\u00e3o e inspirar outros estados, que, inspirados pela primeira-dama Virginia Mendes e pelo governador Mauro Mendes, que priorizam o esporte, seja ele o Parajiu-jitsu ou outra modalidade paral\u00edmpica, est\u00e3o inspirando essa transforma\u00e7\u00e3o em todo o Brasil. Voc\u00eas fazem parte da mudan\u00e7a da hist\u00f3ria daqui para frente\u201d, completou o secret\u00e1rio.<\/p>\n<p style=\"text-align: justify\"><strong>Campeonato Mundial de Parajiu-Jitsu<\/strong><\/p>\n<p style=\"text-align: justify\">A equipe de Barra do Gar\u00e7as e Canarana conta com 15 integrantes, entre paratletas e atletas da categoria reversa, que s\u00e3o aqueles que, al\u00e9m de competirem, tamb\u00e9m auxiliam os paratletas no dia a dia, al\u00e9m da equipe t\u00e9cnica.<\/p>\n<p style=\"text-align: justify\">Ap\u00f3s a primeira etapa na Gr\u00e9cia, uma das etapas para a conquista da vaga do esporte nas Paraol\u00edmpiadas, a delega\u00e7\u00e3o seguir\u00e1 para o Abu Dhabi World Championships 2024.<\/p>\n<p style=\"text-align: justify\">\u00c9 importante destacar os incentivos dos Emirados \u00c1rabes Unidos, presentes em 126 pa\u00edses, por meio das entidades Federa\u00e7\u00e3o de Jiu-Jitsu dos Emirados \u00c1rabes Unidos (UAEJJF, na sigla em ingl\u00eas), e a Federa\u00e7\u00e3o Internacional de Ju-Jitsu ((JJIF, na sigla em ingl\u00eas).<\/p>\n<p id=\"infocoweb_fonte\" class=\"infocoweb_fonte\">Fonte: Governo MT \u2013 MT<\/p>\n<style>#infocoweb_cabecalho {\n        display: inline-block;\n        margin-top: -75px;\n        position: absolute;\n        right: 0;\n    }\n<\/style>\n<style><\/style>\n<\/div>\n<div id=\"infocoweb_rodape\" class=\"infocoweb_rodape\"><\/div>\n<\/div>\n<p>O post Madrinha Nacional do Parajiu-jitsu, primeira-dama de MT apoia participa\u00e7\u00e3o de atletas de MT na Gr\u00e9cia apareceu primeiro em Portal MT.<\/p>\n<\/div>\n","protected":false},"excerpt":{"rendered":"<p>Competidores de Jiu-Jitsu Paradesportivo e Desportivo, composta por atletas e paratletas de Barra do Gar\u00e7as<\/p>\n","protected":false},"author":2,"featured_media":31879,"comment_status":"registered_only","ping_status":"closed","sticky":false,"template":"","format":"standard","meta":{"footnotes":""},"categories":[7],"tags":[],"aioseo_notices":[],"_links":{"self":[{"href":"https:\/\/portalnewsgta.com.br\/index.php\/wp-json\/wp\/v2\/posts\/31878"}],"collection":[{"href":"https:\/\/portalnewsgta.com.br\/index.php\/wp-json\/wp\/v2\/posts"}],"about":[{"href":"https:\/\/portalnewsgta.com.br\/index.php\/wp-json\/wp\/v2\/types\/post"}],"author":[{"embeddable":true,"href":"https:\/\/portalnewsgta.com.br\/index.php\/wp-json\/wp\/v2\/users\/2"}],"replies":[{"embeddable":true,"href":"https:\/\/portalnewsgta.com.br\/index.php\/wp-json\/wp\/v2\/comments?post=31878"}],"version-history":[{"count":0,"href":"https:\/\/portalnewsgta.com.br\/index.php\/wp-json\/wp\/v2\/posts\/31878\/revisions"}],"wp:featuredmedia":[{"embeddable":true,"href":"https:\/\/portalnewsgta.com.br\/index.php\/wp-json\/wp\/v2\/media\/31879"}],"wp:attachment":[{"href":"https:\/\/portalnewsgta.com.br\/index.php\/wp-json\/wp\/v2\/media?parent=31878"}],"wp:term":[{"taxonomy":"category","embeddable":true,"href":"https:\/\/portalnewsgta.com.br\/index.php\/wp-json\/wp\/v2\/categories?post=31878"},{"taxonomy":"post_tag","embeddable":true,"href":"https:\/\/portalnewsgta.com.br\/index.php\/wp-json\/wp\/v2\/tags?post=31878"}],"curies":[{"name":"wp","href":"https:\/\/api.w.org\/{rel}","templated":true}]}}