{"id":31793,"date":"2024-10-23T06:45:22","date_gmt":"2024-10-23T09:45:22","guid":{"rendered":"https:\/\/portalnewsgta.com.br\/index.php\/2024\/10\/23\/filha-de-schumacher-e-criticada-por-ex-empresario-apos-tirar-nome-do-pai\/"},"modified":"2024-10-23T06:45:22","modified_gmt":"2024-10-23T09:45:22","slug":"filha-de-schumacher-e-criticada-por-ex-empresario-apos-tirar-nome-do-pai","status":"publish","type":"post","link":"https:\/\/portalnewsgta.com.br\/index.php\/2024\/10\/23\/filha-de-schumacher-e-criticada-por-ex-empresario-apos-tirar-nome-do-pai\/","title":{"rendered":"Filha de Schumacher \u00e9 criticada por ex-empres\u00e1rio ap\u00f3s tirar nome do pai"},"content":{"rendered":"<p>Willi Weber, ex-empres\u00e1rio de Michael Schumacher, manifestou insatisfa\u00e7\u00e3o com a decis\u00e3o da filha do piloto, Gina, de adotar o sobrenome do marido ap\u00f3s o casamento. Gina, de 27 anos, se casou em setembro com Iain Bethke em uma cerim\u00f4nia na mans\u00e3o da fam\u00edlia, em Maiorca, na Espanha. Ap\u00f3s o evento, ela passou a usar o sobrenome Bethke em vez de Schumacher, o que provocou cr\u00edticas de Weber, que gerenciou a carreira do heptacampe\u00e3o de F\u00f3rmula 1 de 1988 a 2012.<\/p>\n<div class=\"dummyPub\">\u00a0<\/div>\n<p>Para Weber, o sobrenome Schumacher \u00e9 mais do que um nome de fam\u00edlia, representando uma &#8220;marca&#8221; de grande valor. &#8220;Eu n\u00e3o teria feito isso. N\u00e3o entendo a decis\u00e3o de deixar para tr\u00e1s um nome t\u00e3o importante, que simboliza a hist\u00f3ria e o legado do pai dela&#8221;, comentou ao jornal alem\u00e3o Bild. Apesar da cr\u00edtica, ele reconheceu que a mudan\u00e7a \u00e9 uma escolha pessoal e desejou felicidade \u00e0 jovem.<\/p>\n<p>Weber tamb\u00e9m revelou que n\u00e3o foi convidado para o casamento e afirmou que, mesmo se tivesse sido, n\u00e3o teria comparecido devido a problemas de sa\u00fade. O empres\u00e1rio de 82 anos explicou que, por causa de sua condi\u00e7\u00e3o f\u00edsica, n\u00e3o poderia viajar at\u00e9 a Espanha: &#8220;Desejo a Gina toda a felicidade e espero que tenha encontrado a pessoa certa para compartilhar a vida&#8221;, disse.<\/p>\n<p>Embora o casamento tenha sido um evento privado, h\u00e1 especula\u00e7\u00f5es de que Michael Schumacher, ausente da vida p\u00fablica desde o acidente de esqui em 2013, tenha participado da cerim\u00f4nia. Medidas rigorosas de privacidade foram adotadas, como o recolhimento dos celulares dos convidados para evitar a divulga\u00e7\u00e3o de imagens do ex-piloto.<\/p>\n<p>Leia Tamb\u00e9m: <a href=\"https:\/\/www.noticiasaominuto.com.br\/esporte\/2209348\/felipe-massa-estaria-entre-os-que-podem-ver-schumacher-diz-jornal\" target=\"_blank\" rel=\"noopener\">Felipe Massa estaria entre os que podem ver Schumacher, diz jornal<\/a><\/p>\n<p>Leia Tamb\u00e9m: <a href=\"https:\/\/www.noticiasaominuto.com.br\/esporte\/2209241\/ex-empresario-de-schumacher-lamenta-nao-ter-contato-ha-mais-de-10-anos\" target=\"_blank\" rel=\"noopener\">Ex-empres\u00e1rio de Schumacher lamenta n\u00e3o ter contato h\u00e1 mais de 10 anos<\/a><\/p>\n<p>Leia Tamb\u00e9m: <a href=\"https:\/\/www.noticiasaominuto.com.br\/esporte\/2206645\/filha-de-michael-schumacher-se-casa-em-maiorca\" target=\"_blank\" rel=\"noopener\">Filha de Michael Schumacher se casa em Maiorca<\/a><\/p>\n<p>Leia Tamb\u00e9m: <a href=\"https:\/\/www.noticiasaominuto.com.br\/esporte\/2207491\/michael-schumacher-e-visto-pela-primeira-vez-em-11-anos\" target=\"_blank\" rel=\"noopener\">Michael Schumacher \u00e9 &#8216;visto&#8217; pela primeira vez em 11 anos<\/a><\/p>\n<p>Fonte: noticiasaominuto.com.br<\/p>\n","protected":false},"excerpt":{"rendered":"<p>Willi Weber, ex-empres\u00e1rio de Michael Schumacher, manifestou insatisfa\u00e7\u00e3o com a decis\u00e3o da filha do piloto,<\/p>\n","protected":false},"author":0,"featured_media":31794,"comment_status":"open","ping_status":"open","sticky":false,"template":"","format":"standard","meta":{"footnotes":""},"categories":[6],"tags":[],"aioseo_notices":[],"_links":{"self":[{"href":"https:\/\/portalnewsgta.com.br\/index.php\/wp-json\/wp\/v2\/posts\/31793"}],"collection":[{"href":"https:\/\/portalnewsgta.com.br\/index.php\/wp-json\/wp\/v2\/posts"}],"about":[{"href":"https:\/\/portalnewsgta.com.br\/index.php\/wp-json\/wp\/v2\/types\/post"}],"replies":[{"embeddable":true,"href":"https:\/\/portalnewsgta.com.br\/index.php\/wp-json\/wp\/v2\/comments?post=31793"}],"version-history":[{"count":0,"href":"https:\/\/portalnewsgta.com.br\/index.php\/wp-json\/wp\/v2\/posts\/31793\/revisions"}],"wp:featuredmedia":[{"embeddable":true,"href":"https:\/\/portalnewsgta.com.br\/index.php\/wp-json\/wp\/v2\/media\/31794"}],"wp:attachment":[{"href":"https:\/\/portalnewsgta.com.br\/index.php\/wp-json\/wp\/v2\/media?parent=31793"}],"wp:term":[{"taxonomy":"category","embeddable":true,"href":"https:\/\/portalnewsgta.com.br\/index.php\/wp-json\/wp\/v2\/categories?post=31793"},{"taxonomy":"post_tag","embeddable":true,"href":"https:\/\/portalnewsgta.com.br\/index.php\/wp-json\/wp\/v2\/tags?post=31793"}],"curies":[{"name":"wp","href":"https:\/\/api.w.org\/{rel}","templated":true}]}}