{"id":31789,"date":"2024-10-23T06:45:17","date_gmt":"2024-10-23T09:45:17","guid":{"rendered":"https:\/\/portalnewsgta.com.br\/index.php\/2024\/10\/23\/justin-bieber-presta-homenagem-a-liam-payne-apos-morte-tragica-assista\/"},"modified":"2024-10-23T06:45:17","modified_gmt":"2024-10-23T09:45:17","slug":"justin-bieber-presta-homenagem-a-liam-payne-apos-morte-tragica-assista","status":"publish","type":"post","link":"https:\/\/portalnewsgta.com.br\/index.php\/2024\/10\/23\/justin-bieber-presta-homenagem-a-liam-payne-apos-morte-tragica-assista\/","title":{"rendered":"Justin Bieber presta homenagem a Liam Payne ap\u00f3s morte tr\u00e1gica; assista"},"content":{"rendered":"<p>Justin Bieber levou alguns dias para se manifestar sobre a morte do cantor Liam Payne, mas o fez na segunda-feira, 21 de outubro.<\/p>\n<div class=\"dummyPub\">\u00a0<\/div>\n<p>Bieber usou os stories do Instagram para homenagear Payne, compartilhando um v\u00eddeo que mostrava cartas e flores deixadas em tributos ao cantor, que faleceu em 16 de outubro. No v\u00eddeo, \u00e9 poss\u00edvel ouvir um narrador falando sobre como \u00e9 leg\u00edtimo viver o luto como f\u00e3 e &#8220;amar algu\u00e9m que n\u00e3o se conhece&#8221;.<\/p>\n<p>Sobre as imagens, Justin escreveu &#8220;Descanse em paz, Liam&#8221; e acrescentou um emoji de cora\u00e7\u00e3o branco.<\/p>\n<p>Apesar de j\u00e1 terem sido vistos como rivais, os dois cantores superaram as desaven\u00e7as e se tornaram amigos, conforme revelou Liam em uma entrevista de 2022.<\/p>\n<p>Liam Payne, de 31 anos, morreu em 16 de outubro ap\u00f3s cair da varanda de um quarto de hotel em Buenos Aires, na Argentina.<\/p>\n<p>Leia Tamb\u00e9m: <a href=\"https:\/\/www.noticiasaominuto.com.br\/celebridades\/2216651\/corpo-de-liam-payne-so-sera-liberado-apos-conclusao-de-exames-diz-justica-argentina\" target=\"_blank\" rel=\"noopener\">Corpo de Liam Payne s\u00f3 ser\u00e1 liberado ap\u00f3s conclus\u00e3o de exames, diz Justi\u00e7a argentina<\/a><\/p>\n<p>Leia Tamb\u00e9m: <a href=\"https:\/\/www.noticiasaominuto.com.br\/fama\/2216362\/irma-de-liam-payne-soube-da-morte-atraves-dos-jornais-sem-reacao\" target=\"_blank\" rel=\"noopener\">Irm\u00e3 de Liam Payne soube da morte atrav\u00e9s dos jornais: &#8220;Sem rea\u00e7\u00e3o&#8221;<\/a><\/p>\n<p>Leia Tamb\u00e9m: <a href=\"https:\/\/www.noticiasaominuto.com.br\/fama\/2216331\/policia-argentina-investiga-venda-de-drogas-a-liam-payne-antes-da-morte\" target=\"_blank\" rel=\"noopener\">Pol\u00edcia argentina investiga venda de drogas a Liam Payne antes da morte<\/a><\/p>\n<p>Leia Tamb\u00e9m: <a href=\"https:\/\/www.noticiasaominuto.com.br\/celebridades\/2216128\/2-exame-toxicologico-de-liam-payne-revela-drogas-no-organismo-do-cantor\" target=\"_blank\" rel=\"noopener\">Exame toxicol\u00f3gico de Liam Payne revela drogas no organismo do cantor<\/a><\/p>\n<p>Fonte: noticiasaominuto.com.br<\/p>\n","protected":false},"excerpt":{"rendered":"<p>Justin Bieber levou alguns dias para se manifestar sobre a morte do cantor Liam Payne,<\/p>\n","protected":false},"author":0,"featured_media":31790,"comment_status":"open","ping_status":"open","sticky":false,"template":"","format":"standard","meta":{"footnotes":""},"categories":[6],"tags":[],"aioseo_notices":[],"_links":{"self":[{"href":"https:\/\/portalnewsgta.com.br\/index.php\/wp-json\/wp\/v2\/posts\/31789"}],"collection":[{"href":"https:\/\/portalnewsgta.com.br\/index.php\/wp-json\/wp\/v2\/posts"}],"about":[{"href":"https:\/\/portalnewsgta.com.br\/index.php\/wp-json\/wp\/v2\/types\/post"}],"replies":[{"embeddable":true,"href":"https:\/\/portalnewsgta.com.br\/index.php\/wp-json\/wp\/v2\/comments?post=31789"}],"version-history":[{"count":0,"href":"https:\/\/portalnewsgta.com.br\/index.php\/wp-json\/wp\/v2\/posts\/31789\/revisions"}],"wp:featuredmedia":[{"embeddable":true,"href":"https:\/\/portalnewsgta.com.br\/index.php\/wp-json\/wp\/v2\/media\/31790"}],"wp:attachment":[{"href":"https:\/\/portalnewsgta.com.br\/index.php\/wp-json\/wp\/v2\/media?parent=31789"}],"wp:term":[{"taxonomy":"category","embeddable":true,"href":"https:\/\/portalnewsgta.com.br\/index.php\/wp-json\/wp\/v2\/categories?post=31789"},{"taxonomy":"post_tag","embeddable":true,"href":"https:\/\/portalnewsgta.com.br\/index.php\/wp-json\/wp\/v2\/tags?post=31789"}],"curies":[{"name":"wp","href":"https:\/\/api.w.org\/{rel}","templated":true}]}}