{"id":31775,"date":"2024-10-22T20:44:16","date_gmt":"2024-10-22T23:44:16","guid":{"rendered":"https:\/\/portalnewsgta.com.br\/index.php\/2024\/10\/22\/guardiola-nao-quer-apressar-recuperacao-de-de-bruyne-ele-nao-tem-22-anos\/"},"modified":"2024-10-22T20:44:16","modified_gmt":"2024-10-22T23:44:16","slug":"guardiola-nao-quer-apressar-recuperacao-de-de-bruyne-ele-nao-tem-22-anos","status":"publish","type":"post","link":"https:\/\/portalnewsgta.com.br\/index.php\/2024\/10\/22\/guardiola-nao-quer-apressar-recuperacao-de-de-bruyne-ele-nao-tem-22-anos\/","title":{"rendered":"Guardiola n\u00e3o quer apressar recupera\u00e7\u00e3o de De Bruyne: &#8216;Ele n\u00e3o tem 22 anos&#8217;"},"content":{"rendered":"<p>Preocupado em preservar o meia Kevin de Bruyne, o t\u00e9cnico do Manchester City, Pep Guardiola, vai evitar queimar etapas no processo de recupera\u00e7\u00e3o do jogador. Em entrevista nesta ter\u00e7a-feira, ele colocou em d\u00favida a presen\u00e7a do atleta belga no duelo com o Sparta Praga, nesta quarta-feira, em partida v\u00e1lida pela Liga dos Campe\u00f5es.<\/p>\n<div class=\"dummyPub\">\u00a0<\/div>\n<p>&#8220;Kevin n\u00e3o tem 22 anos e precisa estar em forma para praticar o seu futebol. Ele n\u00e3o se sente confort\u00e1vel em mostrar seu incr\u00edvel potencial do jeito que est\u00e1. N\u00e3o est\u00e1 completamente recuperado&#8221;, afirmou o treinador.<\/p>\n<p>Um dos jogadores mais experientes do City, De Bruyne, de 33 anos, se machucou no confronto diante da Inter Mil\u00e3o, na estreia das duas equipes na Liga dos Campe\u00f5es. Desde ent\u00e3o, o meia ficou fora dos \u00faltimos seis compromissos da equipe no Campeonato Ingl\u00eas.<\/p>\n<p>O pensamento do treinador espanhol \u00e9 n\u00e3o for\u00e7ar um retorno antes da hora sob o risco de comprometer a recupera\u00e7\u00e3o de seu jogador. &#8220;O De Bruyne est\u00e1 treinando melhor, mas n\u00e3o se sente bem. Se voc\u00ea n\u00e3o se sente bem, v\u00e1 com calma&#8221;, afirmou o comandante na entrevista coletiva.<\/p>\n<p>City e Sparta Praga t\u00eam campanhas semelhantes neste in\u00edcio de Liga dos Campe\u00f5es. As duas equipes contabilizam quatro pontos em duas rodadas. Guardiola comentou sobre o que esperar do rival desta quarta.<\/p>\n<p>&#8220;Eles criaram muitos problemas para o Stuttgart (empataram em 1 a 1 em jogo realizado na Alemanha). Eu n\u00e3o conhecia o time deles at\u00e9 os \u00faltimos dois dias e fiquei com uma boa impress\u00e3o&#8221;, comentou.<\/p>\n<p>Fonte: noticiasaominuto.com.br<\/p>\n","protected":false},"excerpt":{"rendered":"<p>Preocupado em preservar o meia Kevin de Bruyne, o t\u00e9cnico do Manchester City, Pep Guardiola,<\/p>\n","protected":false},"author":0,"featured_media":31776,"comment_status":"open","ping_status":"open","sticky":false,"template":"","format":"standard","meta":{"footnotes":""},"categories":[4],"tags":[],"aioseo_notices":[],"_links":{"self":[{"href":"https:\/\/portalnewsgta.com.br\/index.php\/wp-json\/wp\/v2\/posts\/31775"}],"collection":[{"href":"https:\/\/portalnewsgta.com.br\/index.php\/wp-json\/wp\/v2\/posts"}],"about":[{"href":"https:\/\/portalnewsgta.com.br\/index.php\/wp-json\/wp\/v2\/types\/post"}],"replies":[{"embeddable":true,"href":"https:\/\/portalnewsgta.com.br\/index.php\/wp-json\/wp\/v2\/comments?post=31775"}],"version-history":[{"count":0,"href":"https:\/\/portalnewsgta.com.br\/index.php\/wp-json\/wp\/v2\/posts\/31775\/revisions"}],"wp:featuredmedia":[{"embeddable":true,"href":"https:\/\/portalnewsgta.com.br\/index.php\/wp-json\/wp\/v2\/media\/31776"}],"wp:attachment":[{"href":"https:\/\/portalnewsgta.com.br\/index.php\/wp-json\/wp\/v2\/media?parent=31775"}],"wp:term":[{"taxonomy":"category","embeddable":true,"href":"https:\/\/portalnewsgta.com.br\/index.php\/wp-json\/wp\/v2\/categories?post=31775"},{"taxonomy":"post_tag","embeddable":true,"href":"https:\/\/portalnewsgta.com.br\/index.php\/wp-json\/wp\/v2\/tags?post=31775"}],"curies":[{"name":"wp","href":"https:\/\/api.w.org\/{rel}","templated":true}]}}