{"id":31743,"date":"2024-10-22T17:00:24","date_gmt":"2024-10-22T20:00:24","guid":{"rendered":"https:\/\/portalnewsgta.com.br\/index.php\/2024\/10\/22\/seplag-realiza-final-de-campeonato-de-volei-interinstitucional\/"},"modified":"2024-10-22T17:00:24","modified_gmt":"2024-10-22T20:00:24","slug":"seplag-realiza-final-de-campeonato-de-volei-interinstitucional","status":"publish","type":"post","link":"https:\/\/portalnewsgta.com.br\/index.php\/2024\/10\/22\/seplag-realiza-final-de-campeonato-de-volei-interinstitucional\/","title":{"rendered":"Seplag realiza final de campeonato de v\u00f4lei interinstitucional"},"content":{"rendered":"<div>\n<div id=\"infocoweb\" data-uuid=\"4481e9ed-e947-47ba-8961-9d894847d62b\" class=\"infocoweb infocoweb_canal_61\">\n<div id=\"infocoweb_cabecalho\" class=\"infocoweb_cabecalho\"><\/div>\n<div id=\"infocoweb_corpo\" class=\"infocoweb_corpo\"><span class=\"ifn_post_add_feature_image_to_the_top\"><\/span><\/p>\n<p style=\"text-align: justify\">A Secretaria de Estado de Planejamento e Gest\u00e3o (Seplag) promoveu, nesta segunda-feira (21.10), a semifinal e final do torneio de v\u00f4lei interinstitucional na quadra poliesportiva da Escola Estadual da Pol\u00edcia Militar \u201cTiradentes\u201d, em Cuiab\u00e1.<\/p>\n<p style=\"text-align: justify\">Os times \u201cSeplag A\u201d e \u201cDon\u2019t Have Hands\u201d disputaram a partida final e ficaram em primeiro e segundo lugar, respectivamente. J\u00e1 as equipes \u201cPJC\u201d e  \u201cDMT\u201d se enfrentaram na semifinal.<\/p>\n<p style=\"text-align: justify\">Ao todo, 14 times, formados por servidores do Poder Executivo, competiram na \u00faltima quinta-feira (17.10), na fase classificat\u00f3ria.<\/p>\n<p style=\"text-align: justify\">A a\u00e7\u00e3o faz parte da programa\u00e7\u00e3o do Outubro Movimente, organizado pela Rede Sinova, em parceria com a Rede InovagovMT. A realiza\u00e7\u00e3o das atividades esportivas contou com apoio da Coordenadoria de Seguran\u00e7a e Sa\u00fade no Trabalho da Seplag, da Secretaria de Estado de Agricultura Familiar (Seaf), da Empresa Mato-Grossense de Pesquisa, Assist\u00eancia e Extens\u00e3o Rural (Empaer), da Secretaria de Estado de Esporte e Lazer (Secel) e da MT Sa\u00fade.<\/p>\n<p style=\"text-align: justify\">O secret\u00e1rio Bas\u00edlio Bezerra assistiu aos jogos e destacou a import\u00e2ncia do fomento a a\u00e7\u00f5es que promovam o bem-estar dos servidores. \u201cEstamos no m\u00eas em que comemoramos o Dia do Servidor P\u00fablico e esse campeonato \u00e9 um modo tamb\u00e9m de celebrar esse momento. Se cultivamos o bem-estar do servidor p\u00fablico, certamente isso refletir\u00e1 no ambiente de trabalho e na melhoria dos servi\u00e7os\u201d, afirmou.<\/p>\n<p style=\"text-align: justify\">Segundo a coordenadora de Intraempreendedorismo e Inova\u00e7\u00e3o da Seplag, Ang\u00e9lica Costa, o campeonato promove integra\u00e7\u00e3o entre servidores p\u00fablicos de MT e incentiva o di\u00e1logo colaborativo para a inova\u00e7\u00e3o nos diferentes setores do governo.<\/p>\n<p style=\"text-align: justify\">\u201cAno passado, n\u00e3o inclu\u00edmos a atividade esportiva na programa\u00e7\u00e3o e os servidores sentiram falta. Ent\u00e3o, em 2024, firmamos a parceria novamente com o setor de Seguran\u00e7a e Sa\u00fade no Trabalho para realizarmos este evento. O v\u00f4lei \u00e9 um complemento a v\u00e1rias atividades que estamos fazendo desde o dia 1\u00ba de outubro, em parceria com a Rede InovagovMT, como oficinas e palestras voltadas para as tem\u00e1ticas da inova\u00e7\u00e3o, criatividade e melhorias no ambiente de trabalho\u201d, acrescentou a coordenadora.<\/p>\n<p> O adjunto de Gest\u00e3o de Pagamento de Pessoal da Seplag e integrante do time \u201cSeplag A\u201d, Geonir Schnorr, ressaltou a import\u00e2ncia dessas iniciativas na promo\u00e7\u00e3o da sa\u00fade e do lazer para os servidores, al\u00e9m da import\u00e2ncia para o fortalecimento do di\u00e1logo interinstitucional.<\/p>\n<p style=\"text-align: justify\">\u201cEssa integra\u00e7\u00e3o entre os \u00f3rg\u00e3os \u00e9 de extrema import\u00e2ncia. Aqui encontramos amigos, colegas do trabalho e fizemos essa grande festa. Sempre tem a competitividade, claro, tem que ter mesmo. Mas tem muita integra\u00e7\u00e3o, muito mais integra\u00e7\u00e3o. Isso \u00e9 muito importante\u201d, ponderou, lembrando que na primeira edi\u00e7\u00e3o desse campeonato, o time no qual participava ficou na segunda coloca\u00e7\u00e3o.<\/p>\n<p style=\"text-align: justify\"><strong>Times<\/strong><\/p>\n<p style=\"text-align: justify\">O torneio contou com a participa\u00e7\u00e3o de equipes da Casa Civil, da Procuradoria Geral do Estado (PGE-MT), da Pol\u00edcia Judici\u00e1ria Civil, do Desenvolve-MT e da MT Par. Tamb\u00e9m estiveram representadas as secretarias de Estado de Desenvolvimento Econ\u00f4mico (Sedec), de Sa\u00fade (SES), de Meio Ambiente (Sema), de Fazenda (Sefaz), al\u00e9m da pr\u00f3pria Seplag e Secel.<\/p>\n<div style=\"text-align:center\">\n<figure class=\"image\"><source><img fetchpriority=\"high\" decoding=\"async\" alt=\"\" height=\"633\" src=\"https:\/\/www.secom.mt.gov.br\/documents\/d\/mt\/img_5157-jpg\" style=\"margin: 0px\" width=\"950\">          <\/source><figcaption>           <strong>Legenda<\/strong>: Com o grande n\u00famero de interessados, a quantidade de times foi ampliada para 14 times \u2013 <strong>Cr\u00e9dito<\/strong>: Murilo Perillo           <\/figcaption><\/figure>\n<\/div>\n<p style=\"text-align: justify\">Todas as equipes que participaram do campeonato eram mistas. Os times que jogaram a semifinal representavam a Seplag, a Pol\u00edcia Civil e a Ag\u00eancia de Fomento do Estado de Mato Grosso S\/A (Desenvolve MT).<\/p>\n<p style=\"text-align: justify\"><strong>Jogos<\/strong><\/p>\n<p style=\"text-align: justify\">No primeiro jogo da semifinal, se enfrentaram os times \u201cSeplag A\u201d e \u201cPJC\u201d. O resultado foi 2 sets a 0 para o time da \u201cSeplag A\u201d, que se classificou para a final.  O segundo jogo dessa etapa foi entre \u201cDon\u2019t have hands\u201d e \u201cDMT\u201d. A disputa envolveu 3 sets, resultando em 2 sets a 1 para o time \u201cDon\u2019t have hands\u201d. Resultado que levou esse time para o jogo da final.<\/p>\n<p style=\"text-align: justify\">Os dois times que perderam na semifinal \u201cPJC\u201d e \u201cDMT\u201d se enfrentaram para a disputa da 3\u00aa coloca\u00e7\u00e3o no campeonato. O time \u201cPJC\u201d ganhou de 2 sets a 0, conquistando o 3\u00aa lugar do p\u00f3dio. O time \u201cSeplag A\u201d ganhou os dois sets com vantagem de pontos e derrotou o advers\u00e1rio sem dificuldades. Resultado que lhe garantiu o t\u00edtulo de campe\u00e3o do torneio de v\u00f4lei do Outubro Movimente 2024.  <\/p>\n<div style=\"text-align:center\">\n<figure class=\"image\"><source><img loading=\"lazy\" decoding=\"async\" alt=\"\" height=\"633\" src=\"https:\/\/www.secom.mt.gov.br\/documents\/d\/mt\/img_5598-1-jpg\" style=\"margin: 0px\" width=\"950\">          <\/source><figcaption>           <strong>Legenda<\/strong>: O jogo da final entre \u201cSeplag A\u201d e Don\u2019t Have Hands resultou em 2 <em>sets<\/em> a 0 \u2013 <strong>Cr\u00e9dito<\/strong>: Murilo Perillo           <\/figcaption><\/figure>\n<\/div>\n<p id=\"infocoweb_fonte\" class=\"infocoweb_fonte\">Fonte: Governo MT \u2013 MT<\/p>\n<style>#infocoweb_cabecalho {\n        display: inline-block;\n        margin-top: -75px;\n        position: absolute;\n        right: 0;\n    }\n<\/style>\n<style><\/style>\n<\/div>\n<div id=\"infocoweb_rodape\" class=\"infocoweb_rodape\"><\/div>\n<\/div>\n<p>O post Seplag realiza final de campeonato de v\u00f4lei interinstitucional apareceu primeiro em Portal MT.<\/p>\n<\/div>\n","protected":false},"excerpt":{"rendered":"<p>A Secretaria de Estado de Planejamento e Gest\u00e3o (Seplag) promoveu, nesta segunda-feira (21.10), a semifinal<\/p>\n","protected":false},"author":2,"featured_media":31744,"comment_status":"registered_only","ping_status":"closed","sticky":false,"template":"","format":"standard","meta":{"footnotes":""},"categories":[7],"tags":[],"aioseo_notices":[],"_links":{"self":[{"href":"https:\/\/portalnewsgta.com.br\/index.php\/wp-json\/wp\/v2\/posts\/31743"}],"collection":[{"href":"https:\/\/portalnewsgta.com.br\/index.php\/wp-json\/wp\/v2\/posts"}],"about":[{"href":"https:\/\/portalnewsgta.com.br\/index.php\/wp-json\/wp\/v2\/types\/post"}],"author":[{"embeddable":true,"href":"https:\/\/portalnewsgta.com.br\/index.php\/wp-json\/wp\/v2\/users\/2"}],"replies":[{"embeddable":true,"href":"https:\/\/portalnewsgta.com.br\/index.php\/wp-json\/wp\/v2\/comments?post=31743"}],"version-history":[{"count":0,"href":"https:\/\/portalnewsgta.com.br\/index.php\/wp-json\/wp\/v2\/posts\/31743\/revisions"}],"wp:featuredmedia":[{"embeddable":true,"href":"https:\/\/portalnewsgta.com.br\/index.php\/wp-json\/wp\/v2\/media\/31744"}],"wp:attachment":[{"href":"https:\/\/portalnewsgta.com.br\/index.php\/wp-json\/wp\/v2\/media?parent=31743"}],"wp:term":[{"taxonomy":"category","embeddable":true,"href":"https:\/\/portalnewsgta.com.br\/index.php\/wp-json\/wp\/v2\/categories?post=31743"},{"taxonomy":"post_tag","embeddable":true,"href":"https:\/\/portalnewsgta.com.br\/index.php\/wp-json\/wp\/v2\/tags?post=31743"}],"curies":[{"name":"wp","href":"https:\/\/api.w.org\/{rel}","templated":true}]}}