{"id":3165,"date":"2024-04-12T17:03:36","date_gmt":"2024-04-12T20:03:36","guid":{"rendered":"https:\/\/portalnewsgta.com.br\/index.php\/2024\/04\/12\/inscricoes-para-programa-de-residencia-tecnica-encerram-no-dia-16-abril\/"},"modified":"2024-04-12T17:03:36","modified_gmt":"2024-04-12T20:03:36","slug":"inscricoes-para-programa-de-residencia-tecnica-encerram-no-dia-16-abril","status":"publish","type":"post","link":"https:\/\/portalnewsgta.com.br\/index.php\/2024\/04\/12\/inscricoes-para-programa-de-residencia-tecnica-encerram-no-dia-16-abril\/","title":{"rendered":"Inscri\u00e7\u00f5es para Programa de Resid\u00eancia T\u00e9cnica encerram no dia 16 abril"},"content":{"rendered":"<div>\n<div id=\"infocoweb\" data-uuid=\"3f037735-a00d-4883-b406-56e9a937741a\" class=\"infocoweb infocoweb_canal_61\">\n<div id=\"infocoweb_cabecalho\" class=\"infocoweb_cabecalho\"><\/div>\n<div id=\"infocoweb_corpo\" class=\"infocoweb_corpo\"><span class=\"ifn_post_add_feature_image_to_the_top\"><\/span><\/p>\n<div style=\"text-align: justify\">As inscri\u00e7\u00f5es para forma\u00e7\u00e3o de cadastro de reserva do Programa de Resid\u00eancia T\u00e9cnica encerram na ter\u00e7a-feira (16.04). O programa \u00e9 gerido pela Secretaria de Estado de Planejamento e Gest\u00e3o (Seplag). As inscri\u00e7\u00f5es podem ser realizadas no Sistema Estadual de Sele\u00e7\u00e3o (SiesMT), no link seletivo.seplag.mt.gov.br e n\u00e3o h\u00e1 cobran\u00e7a de taxa.<\/p>\n<p> O programa \u00e9 destinado a estudantes de p\u00f3s-gradua\u00e7\u00e3o, em n\u00edvel de especializa\u00e7\u00e3o, mestrado e doutorado, em diversas \u00e1reas do conhecimento, e que sejam reconhecidos pelo Minist\u00e9rio da Educa\u00e7\u00e3o (MEC), com carga hor\u00e1ria m\u00ednima de 360 horas.<\/p>\n<p> Podem se inscrever graduados que se formaram nos \u00faltimos cinco anos, nos cursos de Administra\u00e7\u00e3o de Empresas, Ci\u00eancias Cont\u00e1beis, Direito, Economia e Tecn\u00f3logo em Gest\u00e3o de Pessoas\/Recursos Humanos.<\/p>\n<p> No ato da inscri\u00e7\u00e3o \u00e9 necess\u00e1rio informar a localidade em que deseja exercer a resid\u00eancia t\u00e9cnica, conforme anexo I do edital. Ser\u00e1 aceita somente uma inscri\u00e7\u00e3o por candidato. Confira o passo a passo do processo de inscri\u00e7\u00e3o aqui.<\/p>\n<p> A sele\u00e7\u00e3o ser\u00e1 por meio da an\u00e1lise de coeficiente de rendimento acumulado (CRA) e avalia\u00e7\u00e3o curricular que abrange titula\u00e7\u00e3o, forma\u00e7\u00e3o continuada extra-curricular e experi\u00eancia em est\u00e1gio extra-curricular.<\/p>\n<p> Os residentes ter\u00e3o jornada m\u00e1xima de 30 horas semanais, e receber\u00e3o bolsa-aux\u00edlio de R$ 3.250,00 e aux\u00edlio-transporte de R$ 209,24. O Programa pode ter dura\u00e7\u00e3o de at\u00e9 24 meses e o residente dever\u00e1 comprovar estar cursando uma p\u00f3s-gradua\u00e7\u00e3o no momento do ingresso e durante todo o per\u00edodo da resid\u00eancia.<\/p>\n<p> O resultado final est\u00e1 previsto para 24 de maio. D\u00favidas quanto ao processo seletivo poder\u00e3o ser dirimidas pelo e-mail: prt@seplag.mt.gov.br. Acesse o edital aqui.<\/p>\n<\/div>\n<p id=\"infocoweb_fonte\" class=\"infocoweb_fonte\">Fonte: Governo MT \u2013 MT<\/p>\n<style>#infocoweb_cabecalho {\n        display: inline-block;\n        margin-top: -75px;\n        position: absolute;\n        right: 0;\n    }\n<\/style>\n<style><\/style>\n<\/div>\n<div id=\"infocoweb_rodape\" class=\"infocoweb_rodape\"><\/div>\n<\/div>\n<p>O post Inscri\u00e7\u00f5es para Programa de Resid\u00eancia T\u00e9cnica encerram no dia 16 abril apareceu primeiro em Portal MT.<\/p>\n<\/div>\n","protected":false},"excerpt":{"rendered":"<p>As inscri\u00e7\u00f5es para forma\u00e7\u00e3o de cadastro de reserva do Programa de Resid\u00eancia T\u00e9cnica encerram na<\/p>\n","protected":false},"author":2,"featured_media":3166,"comment_status":"registered_only","ping_status":"closed","sticky":false,"template":"","format":"standard","meta":{"footnotes":""},"categories":[7],"tags":[],"aioseo_notices":[],"_links":{"self":[{"href":"https:\/\/portalnewsgta.com.br\/index.php\/wp-json\/wp\/v2\/posts\/3165"}],"collection":[{"href":"https:\/\/portalnewsgta.com.br\/index.php\/wp-json\/wp\/v2\/posts"}],"about":[{"href":"https:\/\/portalnewsgta.com.br\/index.php\/wp-json\/wp\/v2\/types\/post"}],"author":[{"embeddable":true,"href":"https:\/\/portalnewsgta.com.br\/index.php\/wp-json\/wp\/v2\/users\/2"}],"replies":[{"embeddable":true,"href":"https:\/\/portalnewsgta.com.br\/index.php\/wp-json\/wp\/v2\/comments?post=3165"}],"version-history":[{"count":0,"href":"https:\/\/portalnewsgta.com.br\/index.php\/wp-json\/wp\/v2\/posts\/3165\/revisions"}],"wp:featuredmedia":[{"embeddable":true,"href":"https:\/\/portalnewsgta.com.br\/index.php\/wp-json\/wp\/v2\/media\/3166"}],"wp:attachment":[{"href":"https:\/\/portalnewsgta.com.br\/index.php\/wp-json\/wp\/v2\/media?parent=3165"}],"wp:term":[{"taxonomy":"category","embeddable":true,"href":"https:\/\/portalnewsgta.com.br\/index.php\/wp-json\/wp\/v2\/categories?post=3165"},{"taxonomy":"post_tag","embeddable":true,"href":"https:\/\/portalnewsgta.com.br\/index.php\/wp-json\/wp\/v2\/tags?post=3165"}],"curies":[{"name":"wp","href":"https:\/\/api.w.org\/{rel}","templated":true}]}}