{"id":31410,"date":"2024-10-20T19:00:37","date_gmt":"2024-10-20T22:00:37","guid":{"rendered":"https:\/\/portalnewsgta.com.br\/index.php\/2024\/10\/20\/seciteci-lanca-3a-edicao-da-revista-educacao-ct-com-artigos-de-pesquisadores-mato-grossenses\/"},"modified":"2024-10-20T19:00:37","modified_gmt":"2024-10-20T22:00:37","slug":"seciteci-lanca-3a-edicao-da-revista-educacao-ct-com-artigos-de-pesquisadores-mato-grossenses","status":"publish","type":"post","link":"https:\/\/portalnewsgta.com.br\/index.php\/2024\/10\/20\/seciteci-lanca-3a-edicao-da-revista-educacao-ct-com-artigos-de-pesquisadores-mato-grossenses\/","title":{"rendered":"Seciteci lan\u00e7a 3\u00aa edi\u00e7\u00e3o da revista Educa\u00e7\u00e3o C&amp;T com artigos de pesquisadores mato-grossenses"},"content":{"rendered":"<div>\n<div id=\"infocoweb\" data-uuid=\"e6f340c5-1972-40c4-9009-3025c68ab7f9\" class=\"infocoweb infocoweb_canal_61\">\n<div id=\"infocoweb_cabecalho\" class=\"infocoweb_cabecalho\"><\/div>\n<div id=\"infocoweb_corpo\" class=\"infocoweb_corpo\"><span class=\"ifn_post_add_feature_image_to_the_top\"><\/span><\/p>\n<p style=\"text-align:justify;margin-bottom:13px\"><span style=\"font-size:11pt\"><span style=\"line-height:115%\"><span style='font-family:Calibri,\"sans-serif\"'><span style=\"font-size:13.5pt\"><span style=\"line-height:115%\">A Secretaria de Estado de Ci\u00eancia, Tecnologia e Inova\u00e7\u00e3o (Seciteci) lan\u00e7ar\u00e1 a 3\u00aa edi\u00e7\u00e3o da revista Educa\u00e7\u00e3o C&amp;T no dia 24 de outubro, durante o encerramento da 21\u00aa Semana Nacional de Ci\u00eancia e Tecnologia. O lan\u00e7amento ser\u00e1 realizado a partir das 16h, no Centro de Eventos do Pantanal, em Cuiab\u00e1.<\/span><\/span><\/span><\/span><\/span><\/p>\n<p style=\"text-align:justify;margin-bottom:13px\"><span style=\"font-size:11pt\"><span style=\"line-height:115%\"><span style='font-family:Calibri,\"sans-serif\"'><span style=\"font-size:13.5pt\"><span style=\"line-height:115%\">A revista re\u00fane 30 artigos de pesquisadores mato-grossenses que exploram a rela\u00e7\u00e3o entre Educa\u00e7\u00e3o, Ci\u00eancia, Tecnologia e Inova\u00e7\u00e3o, destacando a relev\u00e2ncia no contexto contempor\u00e2neo e os impactos que essas \u00e1reas promovem no avan\u00e7o da sociedade.<\/span><\/span><\/span><\/span><\/span><\/p>\n<p style=\"text-align:justify;margin-bottom:13px\"><span style=\"font-size:11pt\"><span style=\"line-height:115%\"><span style='font-family:Calibri,\"sans-serif\"'><span style=\"font-size:13.5pt\"><span style=\"line-height:115%\">O tema desta 3\u00aa edi\u00e7\u00e3o \u00e9 \u201cEduca\u00e7\u00e3o, Ci\u00eancia, Tecnologia e Inova\u00e7\u00e3o: impactos no desenvolvimento econ\u00f4mico, social e ambiental\u201d. <\/span><\/span><\/span><\/span><\/span><\/p>\n<p style=\"text-align:justify;margin-bottom:13px\"><span style=\"font-size:11pt\"><span style=\"line-height:115%\"><span style='font-family:Calibri,\"sans-serif\"'><span style=\"font-size:13.5pt\"><span style=\"line-height:115%\">A coordenadora de Regula\u00e7\u00e3o e Supervis\u00e3o da Educa\u00e7\u00e3o Superior da Seciteci, F\u00e1tima Possamai, convida a popula\u00e7\u00e3o para o lan\u00e7amento: \u201cVenha fazer parte desse momento de troca de conhecimento, onde a ci\u00eancia e a inova\u00e7\u00e3o se encontram para transformar o nosso futuro\u201d.<\/span><\/span><\/span><\/span><\/span><\/p>\n<p style=\"text-align:justify;margin-bottom:13px\"><span style=\"font-size:11pt\"><span style=\"line-height:115%\"><span style='font-family:Calibri,\"sans-serif\"'><span style=\"font-size:13.5pt\"><span style=\"line-height:115%\">A revista teve sua 1\u00aa edi\u00e7\u00e3o lan\u00e7ada em 2022, durante a abertura da 19\u00aa Semana Nacional de Ci\u00eancia e Tecnologia. Em sua 2\u00aa edi\u00e7\u00e3o, lan\u00e7ada em 2023, a revista foi expandida e explorou o tema \u201cEduca\u00e7\u00e3o Cient\u00edfica e Fomentos de Pesquisa: inova\u00e7\u00e3o em foco\u201d.<\/span><\/span><\/span><\/span><\/span><\/p>\n<p style=\"text-align:justify;margin-bottom:13px\"><span style=\"font-size:11pt\"><span style=\"line-height:115%\"><span style='font-family:Calibri,\"sans-serif\"'><span style=\"font-size:13.5pt\"><span style=\"line-height:115%\">As duas primeiras edi\u00e7\u00f5es est\u00e3o dispon\u00edveis gratuitamente em vers\u00e3o on-line no site da Seciteci (Acesse Aqui).<\/span><\/span><\/span><\/span><\/span><\/p>\n<p id=\"infocoweb_fonte\" class=\"infocoweb_fonte\">Fonte: Governo MT \u2013 MT<\/p>\n<style>#infocoweb_cabecalho {\n        display: inline-block;\n        margin-top: -75px;\n        position: absolute;\n        right: 0;\n    }\n<\/style>\n<style><\/style>\n<\/div>\n<div id=\"infocoweb_rodape\" class=\"infocoweb_rodape\"><\/div>\n<\/div>\n<p>O post Seciteci lan\u00e7a 3\u00aa edi\u00e7\u00e3o da revista Educa\u00e7\u00e3o C&amp;T com artigos de pesquisadores mato-grossenses apareceu primeiro em Portal MT.<\/p>\n<\/div>\n","protected":false},"excerpt":{"rendered":"<p>A Secretaria de Estado de Ci\u00eancia, Tecnologia e Inova\u00e7\u00e3o (Seciteci) lan\u00e7ar\u00e1 a 3\u00aa edi\u00e7\u00e3o da<\/p>\n","protected":false},"author":2,"featured_media":31411,"comment_status":"registered_only","ping_status":"closed","sticky":false,"template":"","format":"standard","meta":{"footnotes":""},"categories":[7],"tags":[],"aioseo_notices":[],"_links":{"self":[{"href":"https:\/\/portalnewsgta.com.br\/index.php\/wp-json\/wp\/v2\/posts\/31410"}],"collection":[{"href":"https:\/\/portalnewsgta.com.br\/index.php\/wp-json\/wp\/v2\/posts"}],"about":[{"href":"https:\/\/portalnewsgta.com.br\/index.php\/wp-json\/wp\/v2\/types\/post"}],"author":[{"embeddable":true,"href":"https:\/\/portalnewsgta.com.br\/index.php\/wp-json\/wp\/v2\/users\/2"}],"replies":[{"embeddable":true,"href":"https:\/\/portalnewsgta.com.br\/index.php\/wp-json\/wp\/v2\/comments?post=31410"}],"version-history":[{"count":0,"href":"https:\/\/portalnewsgta.com.br\/index.php\/wp-json\/wp\/v2\/posts\/31410\/revisions"}],"wp:featuredmedia":[{"embeddable":true,"href":"https:\/\/portalnewsgta.com.br\/index.php\/wp-json\/wp\/v2\/media\/31411"}],"wp:attachment":[{"href":"https:\/\/portalnewsgta.com.br\/index.php\/wp-json\/wp\/v2\/media?parent=31410"}],"wp:term":[{"taxonomy":"category","embeddable":true,"href":"https:\/\/portalnewsgta.com.br\/index.php\/wp-json\/wp\/v2\/categories?post=31410"},{"taxonomy":"post_tag","embeddable":true,"href":"https:\/\/portalnewsgta.com.br\/index.php\/wp-json\/wp\/v2\/tags?post=31410"}],"curies":[{"name":"wp","href":"https:\/\/api.w.org\/{rel}","templated":true}]}}