{"id":31300,"date":"2024-10-19T06:43:28","date_gmt":"2024-10-19T09:43:28","guid":{"rendered":"https:\/\/portalnewsgta.com.br\/index.php\/2024\/10\/19\/internacional-e-gremio-se-enfrentam-por-objetivos-opostos-no-beira-rio\/"},"modified":"2024-10-19T06:43:28","modified_gmt":"2024-10-19T09:43:28","slug":"internacional-e-gremio-se-enfrentam-por-objetivos-opostos-no-beira-rio","status":"publish","type":"post","link":"https:\/\/portalnewsgta.com.br\/index.php\/2024\/10\/19\/internacional-e-gremio-se-enfrentam-por-objetivos-opostos-no-beira-rio\/","title":{"rendered":"Internacional e Gr\u00eamio se enfrentam por objetivos opostos no Beira-Rio"},"content":{"rendered":"<p>Em busca de objetivos opostos, Internacional e Gr\u00eamio se enfrentam neste s\u00e1bado, \u00e0s 16h, no est\u00e1dio Beira-Rio, pela 30\u00aa rodada do Campeonato Brasileiro. O cen\u00e1rio deste Gre-Nal coloca os maiores rivais ga\u00fachos em caminhos diferentes. O time colorado tenta encostar no G-4, enquanto a equipe tricolor busca se afastar da zona de rebaixamento. <\/p>\n<p>Com 46 pontos, o Inter est\u00e1 brigando diretamente por uma vaga na pr\u00f3xima Copa Libertadores, at\u00e9 por ter um ou dois jogos a menos do que os seus rivais. O time colorado ainda defende uma s\u00e9rie de sete jogos sem derrota. J\u00e1 o Gr\u00eamio vem em uma crescente e quer continuar longe da zona de rebaixamento. Tem 35 pontos e n\u00e3o perde h\u00e1 quatro rodadas. O primeiro dentro do descenso, o Athletico-PR, tem 29.<\/p>\n<\/p>\n<p>O cl\u00e1ssico Gre-Nal \u00e9 extremamente equilibrado. Foram 224 jogos, com 69 vit\u00f3rias do Gr\u00eamio, 72 do Inter e 83 empates. O time colorado, no entanto, venceu os tr\u00eas \u00faltimos confrontos contra o rival.<\/p>\n<\/p>\n<p>Do lado do Inter, o t\u00e9cnico Roger Machado tem alguns problemas para definir os titulares. O zagueiro Clayton Sampaio e o volante Thiago Maia est\u00e3o suspensos. Rogel e Bruno Henrique s\u00e3o os substitutos.<\/p>\n<\/p>\n<p>Recuperado de les\u00e3o, o atacante Rafael Borr\u00e9 treinou normalmente e se colocou \u00e0 disposi\u00e7\u00e3o do treinador. O intuito \u00e9 que seja escalado no lugar de Enner Valencia, que deve ficar entre os suplentes.<\/p>\n<\/p>\n<p>&#8220;Eu conhe\u00e7o o Renato (Ga\u00facho), como ele funciona e como ele vai mobilizar internamente o seu grupo. Independentemente das motiva\u00e7\u00f5es do advers\u00e1rio e da organiza\u00e7\u00e3o da semana deles, a gente precisa olhar para n\u00f3s. Temos nossas ambi\u00e7\u00f5es e existem segredos envolvidos em cl\u00e1ssicos&#8221;, afirmou Roger Machado.<\/p>\n<\/p>\n<p>No Gr\u00eamio, o t\u00e9cnico Renato Ga\u00facho deve perder o zagueiro Kannemann, com dores musculares. Caso o defensor seja vetado, a dupla titular ser\u00e1 formada por Jemerson e Rodrigo Ely.<\/p>\n<\/p>\n<p>O treinador indicou ter duas d\u00favidas, at\u00e9 para gerar suspense na escala\u00e7\u00e3o. Na lateral-esquerda, com Reinaldo suspenso, Mayk vai entrar. No meio de campo, Dodi e Pep\u00ea brigam pela titularidade. Na frente, a disputa \u00e9 entre Avarena e Soteldo, com o primeiro sendo o mais cotado para iniciar o embate.<\/p>\n<\/p>\n<p>&#8220;Ganhar um Gre-Nal \u00e9 sempre mais gostoso. Estamos muito motivados para fazer uma reta final de temporada e tentar compensar tudo que aconteceu por fatores que a gente j\u00e1 debateu. Ent\u00e3o, o foco \u00e9 total no jogo. Eu posso garantir para o torcedor que o Gr\u00eamio vai fazer um jogo muito forte e se Deus quiser sair com um excelente resultado&#8221;, disse o vice do Gr\u00eamio, Ant\u00f4nio Brum.<\/p>\n<\/p>\n<p>Nesta semana, a diretoria precisou desmentir um poss\u00edvel interesse no t\u00e9cnico Luis Felipe Scolari, o Felip\u00e3o. A dire\u00e7\u00e3o classificou a informa\u00e7\u00e3o como &#8216;boato&#8217; para agitar o Gre-Nal.<\/p>\n<\/p>\n<p>FICHA T\u00c9CNICA<\/p>\n<\/p>\n<p>INTERNACIONAL X GR\u00caMIO<\/p>\n<\/p>\n<p>INTERNACIONAL &#8211; Rochet; Bruno Gomes, Rogel, Vit\u00e3o e Bernabei; Fernando, Bruno Henrique, Gabriel Carvalho, Alan Patrick e Wesley; Rafael Borr\u00e9. T\u00e9cnico: Roger Machado.<\/p>\n<\/p>\n<p>GR\u00caMIO &#8211; Marches\u00edn; Jo\u00e3o Pedro, Jemerson, Rodrigo Ely e Mayk; Dodi (Pep\u00ea) e Villasanti; Edenilson, Cristaldo e Aravena (Soteldo) e Braithwaite. T\u00e9cnico: Renato Ga\u00facho.<\/p>\n<\/p>\n<p>\u00c1RBITRO &#8211; Bruno Arleu de Ara\u00fajo (RJ).<\/p>\n<\/p>\n<p>HOR\u00c1RIO &#8211; 16h.<\/p>\n<\/p>\n<p>LOCAL &#8211; Est\u00e1dio Beira-Rio, em Porto Alegre (RS).<\/p>\n<p>Fonte: noticiasaominuto.com.br<\/p>\n","protected":false},"excerpt":{"rendered":"<p>Em busca de objetivos opostos, Internacional e Gr\u00eamio se enfrentam neste s\u00e1bado, \u00e0s 16h, no<\/p>\n","protected":false},"author":0,"featured_media":31301,"comment_status":"open","ping_status":"open","sticky":false,"template":"","format":"standard","meta":{"footnotes":""},"categories":[4],"tags":[],"aioseo_notices":[],"_links":{"self":[{"href":"https:\/\/portalnewsgta.com.br\/index.php\/wp-json\/wp\/v2\/posts\/31300"}],"collection":[{"href":"https:\/\/portalnewsgta.com.br\/index.php\/wp-json\/wp\/v2\/posts"}],"about":[{"href":"https:\/\/portalnewsgta.com.br\/index.php\/wp-json\/wp\/v2\/types\/post"}],"replies":[{"embeddable":true,"href":"https:\/\/portalnewsgta.com.br\/index.php\/wp-json\/wp\/v2\/comments?post=31300"}],"version-history":[{"count":0,"href":"https:\/\/portalnewsgta.com.br\/index.php\/wp-json\/wp\/v2\/posts\/31300\/revisions"}],"wp:featuredmedia":[{"embeddable":true,"href":"https:\/\/portalnewsgta.com.br\/index.php\/wp-json\/wp\/v2\/media\/31301"}],"wp:attachment":[{"href":"https:\/\/portalnewsgta.com.br\/index.php\/wp-json\/wp\/v2\/media?parent=31300"}],"wp:term":[{"taxonomy":"category","embeddable":true,"href":"https:\/\/portalnewsgta.com.br\/index.php\/wp-json\/wp\/v2\/categories?post=31300"},{"taxonomy":"post_tag","embeddable":true,"href":"https:\/\/portalnewsgta.com.br\/index.php\/wp-json\/wp\/v2\/tags?post=31300"}],"curies":[{"name":"wp","href":"https:\/\/api.w.org\/{rel}","templated":true}]}}