{"id":31170,"date":"2024-10-18T08:16:29","date_gmt":"2024-10-18T11:16:29","guid":{"rendered":"https:\/\/portalnewsgta.com.br\/?p=31170"},"modified":"2024-10-18T08:16:29","modified_gmt":"2024-10-18T11:16:29","slug":"empresario-do-agro-admite-candidatura-deixa-a-vida-levar","status":"publish","type":"post","link":"https:\/\/portalnewsgta.com.br\/index.php\/2024\/10\/18\/empresario-do-agro-admite-candidatura-deixa-a-vida-levar\/","title":{"rendered":"Empres\u00e1rio do agro admite candidatura: &#8220;Deixa a vida levar&#8221;"},"content":{"rendered":"<section class=\"FullLine\">\n<div class=\"conteudo\">\n<h3>Od\u00edlio Balbinotti Filho afirma que tem o desejo de fortalecer a direita em Mato Grosso<\/h3>\n<\/div>\n<\/section>\n<section>\n<div class=\"FullLine\">\n<div class=\"conteudo_foto\">\n<div class=\"imgcontent\">\n<p class=\"credito_foto\">Reprodu\u00e7\u00e3o<\/p>\n<p class=\"descricao_foto\">O empres\u00e1rio de Rondon\u00f3polis Od\u00edlio Balbinotti Filho<\/p>\n<\/div>\n<\/div>\n<div class=\"Font14Bold\">VIT\u00d3RIA GOMES E C\u00cdNTIA BORGES<br \/>\nDA REDA\u00c7\u00c3O<\/div>\n<div id=\"texto\" class=\"texto\">\n<p>O empres\u00e1rio de Rondon\u00f3polis Od\u00edlio Balbinotti Filho, um dos maiores doadores desta elei\u00e7\u00e3o em todo o Brasil, admitiu estar aberto para considerar um projeto de candidatura em 2026.<\/p>\n<p>&nbsp;<\/p>\n<div class=\"quote-wrapper right\">\n<div class=\"quote-img-wrapper right\"><img decoding=\"async\" class=\"quote-img right\" src=\"https:\/\/www.midianews.com.br\/images\/aspas_right.gif\" \/><\/div>\n<h2 class=\"quote-content\">Agora estou com 60 anos, j\u00e1 estou meio ou \u00e9 agora ou n\u00e3o \u00e9. Mas nunca fui de barrar nenhum projeto meu<\/h2>\n<\/div>\n<p>\u201cDeixa a vida levar. Na vida voc\u00ea n\u00e3o pode p\u00f4r bloqueios. Eu nunca coloquei bloqueio nenhum na minha vida, porque voc\u00ea n\u00e3o precisa bloquear. Agora estou com 60 anos, j\u00e1 estou meio&#8230; Ou \u00e9 agora ou n\u00e3o \u00e9. Mas nunca fui de barrar nenhum projeto meu\u201d, afirmou \u00e0 imprensa.<\/p>\n<p>&nbsp;<\/p>\n<p>A declara\u00e7\u00e3o foi dada \u00e0 imprensa na segunda-feira (14) durante o evento em apoio \u00e0 candidatura de Ab\u00edlio Brunini (PL), em Cuiab\u00e1, que contou com a presen\u00e7a do ex-presidente Jair Bolsonaro (PL).<\/p>\n<p>&nbsp;<\/p>\n<p>Apesar de ter deixado sua candidatura em aberto, o empres\u00e1rio afirmou que n\u00e3o teve nada concreto at\u00e9 o momento, nem mesmo para qual cargo poderia disputar. Nos bastidores, comenta-se que ele pode ser candidato ao Governo.<\/p>\n<div id=\"taboola-mid-article-thumbnails\" class=\"trc_related_container trc_spotlight_widget tbl-trecs-container trc_elastic trc_elastic_alternating-thumbnails-a-mid-article\" data-placement-name=\"Mid Article Thumbnails\">\n<div class=\"trc_rbox_container\">\n<div>\n<div id=\"trc_wrapper_7904624012\" class=\"trc_rbox alternating-thumbnails-a-mid-article trc-content-hybrid\">\n<div id=\"trc_header_7904624012\" class=\"trc_rbox_header trc_rbox_border_elm\">\n<div class=\"trc_header_ext\"><\/div>\n<\/div>\n<\/div>\n<\/div>\n<\/div>\n<\/div>\n<p>&nbsp;<\/p>\n<p>Segundo o Balbinotti, seu foco no momento \u00e9 cuidar de sua empresa e apoiar \u00e0 ascens\u00e3o da direta no Estado.<\/p>\n<p>&nbsp;<\/p>\n<p>Balbinotti, propriet\u00e1rio da Atto Sementes, foi o maior doador eleitoral de Mato Grosso e o terceiro do Brasil. Ao todo, ele destinou R$ 3.937.900 para custear campanhas de candidatos da direita no Estado.<\/p>\n<p>&nbsp;<\/p>\n<p>\u201cEstou cuidando da minha empresa, dos meus neg\u00f3cios, e o que eu tenho \u00e9 uma vontade muito grande de que a direita progrida no Mato Grosso, n\u00e3o s\u00f3 o eleitor ser de direita, mas tamb\u00e9m os mandat\u00e1rios, porque a direita tem muito a entregar para as nossas cidades\u201d, afirmou.<\/p>\n<p>&nbsp;<\/p>\n<p>\u201cAs nossas cidades est\u00e3o precisando de muita coisa. Voc\u00ea vai para V\u00e1rzea Grande e est\u00e1 faltando \u00e1gua, ou seja, n\u00e3o pode. O compromisso dos pol\u00edticos n\u00e3o tem sido suficientes para resolver os problemas que as cidades t\u00eam. Acho que a direita tem condi\u00e7\u00e3o de fazer isso\u201d, disse.<\/p>\n<p>&nbsp;<\/p>\n<p><strong>Di\u00e1logo com Pivetta<\/strong><\/p>\n<p>&nbsp;<\/p>\n<p>Questionado, Balbinotti ainda admitiu ter conversado sobre pol\u00edtica com o vice-governador Otaviano Pivetta (Republicanos), mas negou ter qualquer projeto conjunto para uma candidatura em 2026.<\/p>\n<p>&nbsp;<\/p>\n<p>Pivetta j\u00e1 colcou seu nome disputa pela sucess\u00e3o do Governo do Estado. Ele \u00e9 apoiado pelo governador Mauro Mendes (Uni\u00e3o).<\/p>\n<p>&nbsp;<\/p>\n<p>\u201cO Pivetta \u00e9 conhecido meu antigo e a gente \u00e0s vezes conversa por telefone. Esses dias ele me ligou em uma conversa sobre pol\u00edtica e futuro da pol\u00edtica em Mato Grosso. E foi muito simp\u00e1tico. E foi isso, foi uma conversa mais de troca de ideias. \u00c9 uma pessoa que tenho respeito e admira\u00e7\u00e3o\u201d, disse.<\/p>\n<\/div>\n<\/div>\n<\/section>\n","protected":false},"excerpt":{"rendered":"<p>Od\u00edlio Balbinotti Filho afirma que tem o desejo de fortalecer a direita em Mato Grosso<\/p>\n","protected":false},"author":2,"featured_media":31171,"comment_status":"open","ping_status":"open","sticky":false,"template":"","format":"standard","meta":{"footnotes":""},"categories":[13,2],"tags":[324],"aioseo_notices":[],"_links":{"self":[{"href":"https:\/\/portalnewsgta.com.br\/index.php\/wp-json\/wp\/v2\/posts\/31170"}],"collection":[{"href":"https:\/\/portalnewsgta.com.br\/index.php\/wp-json\/wp\/v2\/posts"}],"about":[{"href":"https:\/\/portalnewsgta.com.br\/index.php\/wp-json\/wp\/v2\/types\/post"}],"author":[{"embeddable":true,"href":"https:\/\/portalnewsgta.com.br\/index.php\/wp-json\/wp\/v2\/users\/2"}],"replies":[{"embeddable":true,"href":"https:\/\/portalnewsgta.com.br\/index.php\/wp-json\/wp\/v2\/comments?post=31170"}],"version-history":[{"count":1,"href":"https:\/\/portalnewsgta.com.br\/index.php\/wp-json\/wp\/v2\/posts\/31170\/revisions"}],"predecessor-version":[{"id":31172,"href":"https:\/\/portalnewsgta.com.br\/index.php\/wp-json\/wp\/v2\/posts\/31170\/revisions\/31172"}],"wp:featuredmedia":[{"embeddable":true,"href":"https:\/\/portalnewsgta.com.br\/index.php\/wp-json\/wp\/v2\/media\/31171"}],"wp:attachment":[{"href":"https:\/\/portalnewsgta.com.br\/index.php\/wp-json\/wp\/v2\/media?parent=31170"}],"wp:term":[{"taxonomy":"category","embeddable":true,"href":"https:\/\/portalnewsgta.com.br\/index.php\/wp-json\/wp\/v2\/categories?post=31170"},{"taxonomy":"post_tag","embeddable":true,"href":"https:\/\/portalnewsgta.com.br\/index.php\/wp-json\/wp\/v2\/tags?post=31170"}],"curies":[{"name":"wp","href":"https:\/\/api.w.org\/{rel}","templated":true}]}}