{"id":31114,"date":"2024-10-17T20:43:27","date_gmt":"2024-10-17T23:43:27","guid":{"rendered":"https:\/\/portalnewsgta.com.br\/index.php\/2024\/10\/17\/dono-da-saf-do-cruzeiro-entrara-na-justica-contra-o-inter-por-dividas-nao-pagam-ninguem\/"},"modified":"2024-10-17T20:43:27","modified_gmt":"2024-10-17T23:43:27","slug":"dono-da-saf-do-cruzeiro-entrara-na-justica-contra-o-inter-por-dividas-nao-pagam-ninguem","status":"publish","type":"post","link":"https:\/\/portalnewsgta.com.br\/index.php\/2024\/10\/17\/dono-da-saf-do-cruzeiro-entrara-na-justica-contra-o-inter-por-dividas-nao-pagam-ninguem\/","title":{"rendered":"Dono da SAF do Cruzeiro entrar\u00e1 na Justi\u00e7a contra o Inter por d\u00edvidas: &#8216;n\u00e3o pagam ningu\u00e9m&#8217;"},"content":{"rendered":"<p>Virou moda e mais um dirigente resolveu cobrar d\u00edvidas de um advers\u00e1rio do Pa\u00eds via imprensa. Nesta quinta-feira, Pedro Louren\u00e7o, o Pedrinho, gestor da SAF do Cruzeiro, aproveitou entrevista \u00e0 R\u00e1dio Itatiaia para cobrar o Internacional pelas negocia\u00e7\u00f5es de Wesley e de Maur\u00edcio.<\/p>\n<div class=\"dummyPub\">\u00a0<\/div>\n<p>Assim como fez o presidente do Cuiab\u00e1 ao disparar contra o &#8220;calote&#8221; do Corinthians na aquisi\u00e7\u00e3o do volante Raniele, o Cruzeiro tamb\u00e9m reclama que n\u00e3o recebeu do clube ga\u00facha a alta cifra da venda do atacante Wesley. Ainda pede a parte a que os mineiros teriam dirigente na ida de Maur\u00edcio de Porto Alegre para o Palmeiras.<\/p>\n<p>&#8220;Vamos entrar na Justi\u00e7a. O Inter nos deve um valor de R$ 7,4 milh\u00f5es (por Wesley) e ainda deve pelo Maur\u00edcio&#8221;, disparou Pedrinho. &#8220;Eles n\u00e3o pagam ningu\u00e9m. E eu estou pagando (o Wesley) para o Palmeiras&#8221;, concluiu, irritado.<\/p>\n<p>O Cruzeiro tinha uma d\u00edvida de 2 milh\u00f5es de euros com o Palmeiras por Wesley (cerca de R$ 10,7 milh\u00f5es na \u00e9poca). Para tirar o jogador do clube mineiro, o Internacional teria assumido os valores, o que, segundo Pedrinho, n\u00e3o ocorreu.<\/p>\n<p>O dono da SAF ainda acusa os ga\u00fachos de deverem um repasse de Maur\u00edcio. Dos R$ 7,4 milh\u00f5es ao Cruzeiro por Wesley, R$ 3,1 milh\u00f5es est\u00e3o em aberto, em parcelas. Os ga\u00fachos tentam renegociar os valores.<\/p>\n<p>Segundo a Itatiaia, o departamento jur\u00eddico do Cruzeiro vai destacar na a\u00e7\u00e3o conta o Internacional que juros ainda devem ser aplicados sobre os valores n\u00e3o pagos em rela\u00e7\u00e3o \u00e0 aquisi\u00e7\u00e3o dos direitos econ\u00f4micos de Wesley. Sobre o repasse da venda de Maur\u00edcio, o valor a ser recebido ainda \u00e9 calculado em Belo Horizonte.<\/p>\n<p>Fonte: noticiasaominuto.com.br<\/p>\n","protected":false},"excerpt":{"rendered":"<p>Virou moda e mais um dirigente resolveu cobrar d\u00edvidas de um advers\u00e1rio do Pa\u00eds via<\/p>\n","protected":false},"author":0,"featured_media":31115,"comment_status":"open","ping_status":"open","sticky":false,"template":"","format":"standard","meta":{"footnotes":""},"categories":[4],"tags":[],"aioseo_notices":[],"_links":{"self":[{"href":"https:\/\/portalnewsgta.com.br\/index.php\/wp-json\/wp\/v2\/posts\/31114"}],"collection":[{"href":"https:\/\/portalnewsgta.com.br\/index.php\/wp-json\/wp\/v2\/posts"}],"about":[{"href":"https:\/\/portalnewsgta.com.br\/index.php\/wp-json\/wp\/v2\/types\/post"}],"replies":[{"embeddable":true,"href":"https:\/\/portalnewsgta.com.br\/index.php\/wp-json\/wp\/v2\/comments?post=31114"}],"version-history":[{"count":0,"href":"https:\/\/portalnewsgta.com.br\/index.php\/wp-json\/wp\/v2\/posts\/31114\/revisions"}],"wp:featuredmedia":[{"embeddable":true,"href":"https:\/\/portalnewsgta.com.br\/index.php\/wp-json\/wp\/v2\/media\/31115"}],"wp:attachment":[{"href":"https:\/\/portalnewsgta.com.br\/index.php\/wp-json\/wp\/v2\/media?parent=31114"}],"wp:term":[{"taxonomy":"category","embeddable":true,"href":"https:\/\/portalnewsgta.com.br\/index.php\/wp-json\/wp\/v2\/categories?post=31114"},{"taxonomy":"post_tag","embeddable":true,"href":"https:\/\/portalnewsgta.com.br\/index.php\/wp-json\/wp\/v2\/tags?post=31114"}],"curies":[{"name":"wp","href":"https:\/\/api.w.org\/{rel}","templated":true}]}}