{"id":31056,"date":"2024-10-17T16:42:54","date_gmt":"2024-10-17T19:42:54","guid":{"rendered":"https:\/\/portalnewsgta.com.br\/index.php\/2024\/10\/17\/eliana-volta-para-tv-aos-domingos-mas-frisa-totalmente-diferente\/"},"modified":"2024-10-17T16:42:54","modified_gmt":"2024-10-17T19:42:54","slug":"eliana-volta-para-tv-aos-domingos-mas-frisa-totalmente-diferente","status":"publish","type":"post","link":"https:\/\/portalnewsgta.com.br\/index.php\/2024\/10\/17\/eliana-volta-para-tv-aos-domingos-mas-frisa-totalmente-diferente\/","title":{"rendered":"Eliana volta para TV aos domingos, mas frisa: &quot;Totalmente diferente&quot;"},"content":{"rendered":"<p>S\u00c3O PAULO, SP (UOL\/FOLHAPRESS) &#8211; Eliana, 51, ser\u00e1 a apresentadora da nova temporada do The Masked Singer (Globo).\u00a0A ex-SBT citou o marco de voltar a comandar um programa dominical. &#8220;Eu vejo, atrav\u00e9s das mensagens, que as pessoas est\u00e3o com saudade de me ver aos domingos novamente. Ent\u00e3o vai ser um reencontro&#8221;, disse no evento da Globo realizado na quarta-feira (16).<\/p>\n<div class=\"dummyPub\">\u00a0<\/div>\n<p>Ser\u00e1 um formato totalmente diferente do que ela costumava apresentar. &#8220;Eu n\u00e3o vim para a Globo para fazer a mesma coisa que eu j\u00e1 fiz todos esses anos. Eu vim para experimentar novos caminhos, e eu desejo que voc\u00eas embarquem junto comigo e tor\u00e7am muito por mim. Porque \u00e9 esse o meu desejo de inova\u00e7\u00e3o aos 50 anos, podendo transitar em outros formatos, \u00e9 muito especial. Muito valioso&#8221;.<\/p>\n<p>Ela se mostrou empolgada com a experi\u00eancia e por trabalhar com Tony Ramos, que ser\u00e1 jurado. &#8220;Eu amo reality show. Apresentei um reality de culin\u00e1ria, um baita sucesso, e agora um reality musical. Vai ser muito bacana comemorar os 60 anos da Globo com tema de novela, personagens ic\u00f4nicos e ainda um grande mestre, Tony Ramos, no j\u00fari&#8230; Estou muito feliz, realizada&#8221;.<\/p>\n<p>Elana rasgou elogios ao ator. &#8220;Ele \u00e9 de uma eleg\u00e2ncia&#8230; Ele vai dar um tom. O mestre das novelas vai com certeza abrilhantar ainda mais esse elenco. O j\u00fari est\u00e1 muito lindo e o me falaram que o elenco por tr\u00e1s das m\u00e1scaras tamb\u00e9m promete.&#8221;.<\/p>\n<p>A apresentadora contou que sua filha, Manuela, tamb\u00e9m ficou feliz com a conquista da m\u00e3e. &#8220;Eu j\u00e1 era f\u00e3 do The Masked Singer, e a Manuzinha tamb\u00e9m. E quando eu falei &#8216;agora a mam\u00e3e que vai apresentar&#8217;, ela fez: &#8216;aquele dos bichinhos? Eu posso ir?&#8217;. Vou levar ela com certeza para assistir \u00e0s grava\u00e7\u00f5es&#8221;.<\/p>\n<p>Questionada sobre se os filhos planejam seguir a profiss\u00e3o da m\u00e3e, Eliana mostrou que os deixa livre para escolher. &#8220;Ainda \u00e9 muito cedo. Mas ela [Manuela] gosta do universo. O Arthur diz que vai ser cineasta, tem interesse pelos bastidores, toda a parte por tr\u00e1s das c\u00e2meras. Ela j\u00e1 fez ensaio fotogr\u00e1fico, mas tudo parte dela. N\u00e3o sou eu que incentivo, e nem quero. Vou deixar ela livre para conseguir&#8221;.<\/p>\n<p>Leia Tamb\u00e9m: <a href=\"https:\/\/www.noticiasaominuto.com.br\/fama\/2214660\/revelados-novos-detalhes-sobre-a-causa-da-morte-de-liam-payne\" target=\"_blank\" rel=\"noopener\">Revelados &#8216;novos&#8217; detalhes sobre a &#8216;causa&#8217; da morte de Liam Payne<\/a><\/p>\n<p>Fonte: noticiasaominuto.com.br<\/p>\n","protected":false},"excerpt":{"rendered":"<p>S\u00c3O PAULO, SP (UOL\/FOLHAPRESS) &#8211; Eliana, 51, ser\u00e1 a apresentadora da nova temporada do The<\/p>\n","protected":false},"author":0,"featured_media":31057,"comment_status":"open","ping_status":"open","sticky":false,"template":"","format":"standard","meta":{"footnotes":""},"categories":[6],"tags":[],"aioseo_notices":[],"_links":{"self":[{"href":"https:\/\/portalnewsgta.com.br\/index.php\/wp-json\/wp\/v2\/posts\/31056"}],"collection":[{"href":"https:\/\/portalnewsgta.com.br\/index.php\/wp-json\/wp\/v2\/posts"}],"about":[{"href":"https:\/\/portalnewsgta.com.br\/index.php\/wp-json\/wp\/v2\/types\/post"}],"replies":[{"embeddable":true,"href":"https:\/\/portalnewsgta.com.br\/index.php\/wp-json\/wp\/v2\/comments?post=31056"}],"version-history":[{"count":0,"href":"https:\/\/portalnewsgta.com.br\/index.php\/wp-json\/wp\/v2\/posts\/31056\/revisions"}],"wp:featuredmedia":[{"embeddable":true,"href":"https:\/\/portalnewsgta.com.br\/index.php\/wp-json\/wp\/v2\/media\/31057"}],"wp:attachment":[{"href":"https:\/\/portalnewsgta.com.br\/index.php\/wp-json\/wp\/v2\/media?parent=31056"}],"wp:term":[{"taxonomy":"category","embeddable":true,"href":"https:\/\/portalnewsgta.com.br\/index.php\/wp-json\/wp\/v2\/categories?post=31056"},{"taxonomy":"post_tag","embeddable":true,"href":"https:\/\/portalnewsgta.com.br\/index.php\/wp-json\/wp\/v2\/tags?post=31056"}],"curies":[{"name":"wp","href":"https:\/\/api.w.org\/{rel}","templated":true}]}}