{"id":30983,"date":"2024-10-17T08:12:20","date_gmt":"2024-10-17T11:12:20","guid":{"rendered":"https:\/\/portalnewsgta.com.br\/?p=30983"},"modified":"2024-10-17T08:12:20","modified_gmt":"2024-10-17T11:12:20","slug":"pesquisa-mostra-abilio-com-44-e-ludio-com-41-em-cuiaba","status":"publish","type":"post","link":"https:\/\/portalnewsgta.com.br\/index.php\/2024\/10\/17\/pesquisa-mostra-abilio-com-44-e-ludio-com-41-em-cuiaba\/","title":{"rendered":"Pesquisa mostra Ab\u00edlio com 44% e L\u00fadio com 41% em Cuiab\u00e1"},"content":{"rendered":"<section class=\"FullLine\">\n<div class=\"conteudo\">\n<h3>A margem de erro \u00e9 de 3 pontos percentuais; foram entrevistados 852 eleitores cuiabanos<\/h3>\n<\/div>\n<\/section>\n<section>\n<div class=\"FullLine\">\n<div class=\"conteudo_foto\">\n<div class=\"imgcontent\">\n<p class=\"credito_foto\">Montagem\/MidiaNews<\/p>\n<p class=\"descricao_foto\">Os candidatos Ab\u00edlio Brunini e L\u00fadio Cabral<\/p>\n<\/div>\n<\/div>\n<div class=\"Font14Bold\">C\u00cdNTIA BORGES<br \/>\nDA REDA\u00c7\u00c3O<\/div>\n<div id=\"texto\" class=\"texto\">\n<p>A\u00a0<strong>Quaest Pesquisa<\/strong>\u00a0divulgou, no in\u00edcio da noite desta ter\u00e7a-feira (17), que o candidato\u00a0<strong>Ab\u00edlio Brunini (PL)<\/strong>\u00a0est\u00e1 numericamente \u00e0 frente de\u00a0<strong>L\u00fadio Cabral (PT)<\/strong>\u00a0no segundo turno da elei\u00e7\u00e3o em Cuiab\u00e1.<\/p>\n<p>&nbsp;<\/p>\n<p><strong>Ab\u00edlio<\/strong>\u00a0aparece com\u00a0<strong>44%<\/strong>\u00a0das inten\u00e7\u00f5es de votos e\u00a0<strong>L\u00fadio\u00a0<\/strong>com\u00a0<strong>41%.\u00a0<\/strong>Eles\u00a0est\u00e3o empatados tecnicamente, dentro da margem de erro que \u00e9 de 3 pontos percentuais, para mais ou para menos.<\/p>\n<p>&nbsp;<\/p>\n<p>O percentual se refere a modalidade estimulada, quando \u00e9 apresentado ao eleitor o nome dos candidatos.<\/p>\n<p>&nbsp;<\/p>\n<p>Esse \u00e9 o primeiro levantamento do instituto no segundo turno das elei\u00e7\u00f5es na Capital.<\/p>\n<div id=\"taboola-mid-article-thumbnails\" class=\"trc_related_container trc_spotlight_widget tbl-trecs-container trc_elastic trc_elastic_alternating-thumbnails-a-mid-article\" data-placement-name=\"Mid Article Thumbnails\">\n<div class=\"trc_rbox_container\">\n<div>\n<div id=\"trc_wrapper_6368627370\" class=\"trc_rbox alternating-thumbnails-a-mid-article trc-content-hybrid\">\n<div id=\"trc_header_6368627370\" class=\"trc_rbox_header trc_rbox_border_elm\">\n<div class=\"trc_header_ext\"><\/div>\n<\/div>\n<\/div>\n<\/div>\n<\/div>\n<\/div>\n<p>&nbsp;<\/p>\n<p>Disseram que v\u00e3o votar em branco ou nulo\u00a0<strong>11%<\/strong>\u00a0dos eleitores, enquanto\u00a0<strong>4%<\/strong>\u00a0ainda n\u00e3o decidiram em quem votar.<\/p>\n<p>&nbsp;<\/p>\n<p>Na modalidade espont\u00e2nea, quando n\u00e3o s\u00e3o apresentados os nomes dos candidatos aos entrevistados,\u00a0<strong>Ab\u00edlio<\/strong>\u00a0aparece com\u00a0<strong>40%<\/strong>\u00a0e\u00a0<strong>L\u00fadio<\/strong>\u00a0com\u00a0<strong>31%.<\/strong><\/p>\n<p>&nbsp;<\/p>\n<p>Indecisos somam<strong>\u00a026%<\/strong>\u00a0e brancos e nulos<strong>\u00a03%<\/strong>.\u00a0A pesquisa foi encomendada pela\u00a0<strong>TV Centro Am\u00e9rica<\/strong>.<\/p>\n<p>&nbsp;<\/p>\n<p>Foram ouvidas<strong>\u00a0852 pessoas<\/strong>\u00a0entre domingo (13) e ter\u00e7a-feira (15). A margem de erro \u00e9 de<strong>\u00a03 pontos percentuais<\/strong>\u00a0para mais ou para menos. E o intervalo de confian\u00e7a de\u00a0<strong>95%<\/strong>.<\/p>\n<p>&nbsp;<\/p>\n<p>A pesquisa est\u00e1 registrada no Tribunal Superior Eleitoral (TSE) sob o n\u00famero\u00a0<strong>MT-08972\/2024<\/strong>.<\/p>\n<p>&nbsp;<\/p>\n<p><strong>Veja gr\u00e1fico:<\/strong><\/p>\n<p>&nbsp;<\/p>\n<p><img loading=\"lazy\" decoding=\"async\" src=\"https:\/\/www.midianews.com.br\/storage\/webdisco\/2024\/10\/16\/original\/0866607fe983f2a1db4d1692a8105d96.jpg\" width=\"746\" height=\"417\" \/><\/p>\n<p>&nbsp;<\/p>\n<p><img loading=\"lazy\" decoding=\"async\" src=\"https:\/\/www.midianews.com.br\/storage\/webdisco\/2024\/10\/16\/original\/7a715359d678cb560a19b1cb901e54be.jpg\" width=\"746\" height=\"425\" \/><\/p>\n<p>&nbsp;<\/p>\n<\/div>\n<\/div>\n<\/section>\n","protected":false},"excerpt":{"rendered":"<p>A margem de erro \u00e9 de 3 pontos percentuais; foram entrevistados 852 eleitores cuiabanos Montagem\/MidiaNews<\/p>\n","protected":false},"author":2,"featured_media":30984,"comment_status":"open","ping_status":"open","sticky":false,"template":"","format":"standard","meta":{"footnotes":""},"categories":[13,2],"tags":[315],"aioseo_notices":[],"_links":{"self":[{"href":"https:\/\/portalnewsgta.com.br\/index.php\/wp-json\/wp\/v2\/posts\/30983"}],"collection":[{"href":"https:\/\/portalnewsgta.com.br\/index.php\/wp-json\/wp\/v2\/posts"}],"about":[{"href":"https:\/\/portalnewsgta.com.br\/index.php\/wp-json\/wp\/v2\/types\/post"}],"author":[{"embeddable":true,"href":"https:\/\/portalnewsgta.com.br\/index.php\/wp-json\/wp\/v2\/users\/2"}],"replies":[{"embeddable":true,"href":"https:\/\/portalnewsgta.com.br\/index.php\/wp-json\/wp\/v2\/comments?post=30983"}],"version-history":[{"count":1,"href":"https:\/\/portalnewsgta.com.br\/index.php\/wp-json\/wp\/v2\/posts\/30983\/revisions"}],"predecessor-version":[{"id":30985,"href":"https:\/\/portalnewsgta.com.br\/index.php\/wp-json\/wp\/v2\/posts\/30983\/revisions\/30985"}],"wp:featuredmedia":[{"embeddable":true,"href":"https:\/\/portalnewsgta.com.br\/index.php\/wp-json\/wp\/v2\/media\/30984"}],"wp:attachment":[{"href":"https:\/\/portalnewsgta.com.br\/index.php\/wp-json\/wp\/v2\/media?parent=30983"}],"wp:term":[{"taxonomy":"category","embeddable":true,"href":"https:\/\/portalnewsgta.com.br\/index.php\/wp-json\/wp\/v2\/categories?post=30983"},{"taxonomy":"post_tag","embeddable":true,"href":"https:\/\/portalnewsgta.com.br\/index.php\/wp-json\/wp\/v2\/tags?post=30983"}],"curies":[{"name":"wp","href":"https:\/\/api.w.org\/{rel}","templated":true}]}}