{"id":30911,"date":"2024-10-16T21:42:51","date_gmt":"2024-10-17T00:42:51","guid":{"rendered":"https:\/\/portalnewsgta.com.br\/index.php\/2024\/10\/16\/ator-de-irmaos-menendez-afirma-que-nao-usou-protese-em-cena-de-nu-frontal\/"},"modified":"2024-10-16T21:42:51","modified_gmt":"2024-10-17T00:42:51","slug":"ator-de-irmaos-menendez-afirma-que-nao-usou-protese-em-cena-de-nu-frontal","status":"publish","type":"post","link":"https:\/\/portalnewsgta.com.br\/index.php\/2024\/10\/16\/ator-de-irmaos-menendez-afirma-que-nao-usou-protese-em-cena-de-nu-frontal\/","title":{"rendered":"Ator de &#8216;Irm\u00e3os Menendez&#8217; afirma que n\u00e3o usou pr\u00f3tese em cena de nu frontal"},"content":{"rendered":"<p>S\u00c3O PAULO, SP (FOLHAPRESS) &#8211; Al\u00e7ado ao posto de gal\u00e3 ap\u00f3s interpretar Erik Menendez na s\u00e9rie &#8220;Monstros: Irm\u00e3os Menendez, assassinos dos pais&#8221; (Netflix), o ator Cooper Koch vem revelando detalhes das grava\u00e7\u00f5es da s\u00e9rie em entrevistas.<\/p>\n<div class=\"dummyPub\">\u00a0<\/div>\n<p>Em participa\u00e7\u00e3o em um podcast, o ator de 28 anos se gabou de n\u00e3o ter usado pr\u00f3tese para fazer uma cena de nu frontal.<\/p>\n<p>Na entrevista, o apresentador Andy Cohen, do podcast &#8220;Watch What Happens Live&#8221;, citava uma lista dos cinco nus frontais mais impactantes do cinema, quando Cooper o interrompeu: &#8220;S\u00f3 para dizer, o meu n\u00e3o era uma pr\u00f3tese&#8221;, falou.<\/p>\n<p>&#8220;Uau, parab\u00e9ns para voc\u00ea, Cooper. Voc\u00ea \u00e9 bem dotado, n\u00e9?&#8221;, elogiou Cohen. &#8220;Bom&#8230; Sim&#8221;, se gabou o ator.<\/p>\n<p>Na cena, Erik Menendez finalmente consegue tomar banho na pris\u00e3o, ap\u00f3s passar dias sem banho por ter medo de usar o chuveiro coletivo.<\/p>\n<p>Ainda no podcast, Cooper falou sobre o desconforto de gravar a cena de nudez. &#8220;N\u00e3o estava com medo, mas na verdade com muito frio&#8221;, disse.<\/p>\n<p>O ator tamb\u00e9m contou como foi conhecer os verdadeiros irm\u00e3os Menendez, que est\u00e3o presos em San Diego. &#8220;N\u00e3o foi exatamente intimidador, foi tipo tenso. Passei tanto tempo estudando e pesquisando sobre eles, ent\u00e3o eu estava nervoso&#8221;, falou.<\/p>\n<p>Na s\u00e9rie, o irm\u00e3o mais velho, Lyle Menendez, \u00e9 vivido por Nicholas Chavez, e os pais, Jos\u00e9 e Kitty Menendez, s\u00e3o interpretados por Javier Bardem e Chlo\u00eb Sevigny.<\/p>\n<p>A produ\u00e7\u00e3o, em dez epis\u00f3dios, reconta o crime real dos dois filhos que mataram os pais em 1989, na Calif\u00f3rnia.<\/p>\n<p>Fonte: noticiasaominuto.com.br<\/p>\n","protected":false},"excerpt":{"rendered":"<p>S\u00c3O PAULO, SP (FOLHAPRESS) &#8211; Al\u00e7ado ao posto de gal\u00e3 ap\u00f3s interpretar Erik Menendez na<\/p>\n","protected":false},"author":0,"featured_media":30912,"comment_status":"open","ping_status":"open","sticky":false,"template":"","format":"standard","meta":{"footnotes":""},"categories":[6],"tags":[],"aioseo_notices":[],"_links":{"self":[{"href":"https:\/\/portalnewsgta.com.br\/index.php\/wp-json\/wp\/v2\/posts\/30911"}],"collection":[{"href":"https:\/\/portalnewsgta.com.br\/index.php\/wp-json\/wp\/v2\/posts"}],"about":[{"href":"https:\/\/portalnewsgta.com.br\/index.php\/wp-json\/wp\/v2\/types\/post"}],"replies":[{"embeddable":true,"href":"https:\/\/portalnewsgta.com.br\/index.php\/wp-json\/wp\/v2\/comments?post=30911"}],"version-history":[{"count":0,"href":"https:\/\/portalnewsgta.com.br\/index.php\/wp-json\/wp\/v2\/posts\/30911\/revisions"}],"wp:featuredmedia":[{"embeddable":true,"href":"https:\/\/portalnewsgta.com.br\/index.php\/wp-json\/wp\/v2\/media\/30912"}],"wp:attachment":[{"href":"https:\/\/portalnewsgta.com.br\/index.php\/wp-json\/wp\/v2\/media?parent=30911"}],"wp:term":[{"taxonomy":"category","embeddable":true,"href":"https:\/\/portalnewsgta.com.br\/index.php\/wp-json\/wp\/v2\/categories?post=30911"},{"taxonomy":"post_tag","embeddable":true,"href":"https:\/\/portalnewsgta.com.br\/index.php\/wp-json\/wp\/v2\/tags?post=30911"}],"curies":[{"name":"wp","href":"https:\/\/api.w.org\/{rel}","templated":true}]}}