{"id":30899,"date":"2024-10-17T06:00:23","date_gmt":"2024-10-17T09:00:23","guid":{"rendered":"https:\/\/portalnewsgta.com.br\/index.php\/2024\/10\/16\/governador-se-reune-com-diretoria-eleita-do-tribunal-de-justica\/"},"modified":"2024-10-17T07:44:29","modified_gmt":"2024-10-17T10:44:29","slug":"governador-se-reune-com-diretoria-eleita-do-tribunal-de-justica","status":"publish","type":"post","link":"https:\/\/portalnewsgta.com.br\/index.php\/2024\/10\/17\/governador-se-reune-com-diretoria-eleita-do-tribunal-de-justica\/","title":{"rendered":"Governador se re\u00fane com diretoria eleita do Tribunal de Justi\u00e7a"},"content":{"rendered":"<div>\n<div id=\"infocoweb\" class=\"infocoweb infocoweb_canal_61\" data-uuid=\"6edcf10e-450d-4ab7-8932-b4ad98d9b7f9\">\n<div id=\"infocoweb_cabecalho\" class=\"infocoweb_cabecalho\"><\/div>\n<div id=\"infocoweb_corpo\" class=\"infocoweb_corpo\">\n<p>&nbsp;<\/p>\n<p>&nbsp;<\/p>\n<p style=\"text-align: justify;\">O governador Mauro Mendes se reuniu, na tarde desta quarta-feira (16.10), com a diretoria eleita do Tribunal de Justi\u00e7a de Mato Grosso: os desembargadores Jos\u00e9 Zuquim Nogueira (presidente), Nilza Maria P\u00f4ssas de Carvalho (vice-presidente) e Jos\u00e9 Lindote (corregedor-geral).<\/p>\n<p style=\"text-align: justify;\">O trio foi eleito na semana passada e devem comandar o Poder Judici\u00e1rio mato-grossense a partir de 2025.<\/p>\n<p style=\"text-align: justify;\">Mauro destacou a parceria que o Governo de Mato Grosso tem mantido com o Tribunal de Justi\u00e7a desde o in\u00edcio da sua gest\u00e3o enquanto governador.<\/p>\n<p style=\"text-align: justify;\">\u201cPrecisamos dar continuidade a essa sinergia entre os Poderes, trabalhando em conjunto para entregar mais resultados ao cidad\u00e3o. Temos muitas parcerias com o tribunal em todas as \u00e1reas do Governo, em especial na Seguran\u00e7a P\u00fablica, e queremos ampliar isso\u201d, afirmou o governador.<\/p>\n<p style=\"text-align: center;\"><img decoding=\"async\" src=\"https:\/\/www.secom.mt.gov.br\/documents\/d\/mt\/e61b0711-9a38-4c93-9d43-a4dabeb9d794-jpeg\" alt=\"\" height=\"267\" \/><\/p>\n<p style=\"text-align: justify;\">O presidente eleito do Tribunal de Justi\u00e7a compartilhou da mesma inten\u00e7\u00e3o de fortalecer o trabalho entre as institui\u00e7\u00f5es, com foco na melhoria da presta\u00e7\u00e3o de servi\u00e7os ao povo-mato-grossense.<\/p>\n<p style=\"text-align: justify;\">\u201cPretendemos continuar com a mesma parceria, a mesma harmonia que j\u00e1 existe na atual gest\u00e3o. Nos colocamos \u00e0 disposi\u00e7\u00e3o do governador para que essa rela\u00e7\u00e3o se mantenha harmoniosa e de muito trabalho\u201d, afirmou o desembargador Jos\u00e9 Zuquim.<\/p>\n<p id=\"infocoweb_fonte\" class=\"infocoweb_fonte\">Fonte: Governo MT \u2013 MT<\/p>\n<style>#infocoweb_cabecalho {<br \/>\n        display: inline-block;<br \/>\n        margin-top: -75px;<br \/>\n        position: absolute;<br \/>\n        right: 0;<br \/>\n    }<br \/>\n<\/style>\n<style><\/style>\n<\/div>\n<div id=\"infocoweb_rodape\" class=\"infocoweb_rodape\"><\/div>\n<\/div>\n<p>O post Governador se re\u00fane com diretoria eleita do Tribunal de Justi\u00e7a apareceu primeiro em Portal MT.<\/p>\n<\/div>\n","protected":false},"excerpt":{"rendered":"<p>&nbsp; &nbsp; O governador Mauro Mendes se reuniu, na tarde desta quarta-feira (16.10), com a<\/p>\n","protected":false},"author":2,"featured_media":30900,"comment_status":"closed","ping_status":"closed","sticky":false,"template":"","format":"standard","meta":{"footnotes":""},"categories":[2],"tags":[],"aioseo_notices":[],"_links":{"self":[{"href":"https:\/\/portalnewsgta.com.br\/index.php\/wp-json\/wp\/v2\/posts\/30899"}],"collection":[{"href":"https:\/\/portalnewsgta.com.br\/index.php\/wp-json\/wp\/v2\/posts"}],"about":[{"href":"https:\/\/portalnewsgta.com.br\/index.php\/wp-json\/wp\/v2\/types\/post"}],"author":[{"embeddable":true,"href":"https:\/\/portalnewsgta.com.br\/index.php\/wp-json\/wp\/v2\/users\/2"}],"replies":[{"embeddable":true,"href":"https:\/\/portalnewsgta.com.br\/index.php\/wp-json\/wp\/v2\/comments?post=30899"}],"version-history":[{"count":1,"href":"https:\/\/portalnewsgta.com.br\/index.php\/wp-json\/wp\/v2\/posts\/30899\/revisions"}],"predecessor-version":[{"id":30946,"href":"https:\/\/portalnewsgta.com.br\/index.php\/wp-json\/wp\/v2\/posts\/30899\/revisions\/30946"}],"wp:featuredmedia":[{"embeddable":true,"href":"https:\/\/portalnewsgta.com.br\/index.php\/wp-json\/wp\/v2\/media\/30900"}],"wp:attachment":[{"href":"https:\/\/portalnewsgta.com.br\/index.php\/wp-json\/wp\/v2\/media?parent=30899"}],"wp:term":[{"taxonomy":"category","embeddable":true,"href":"https:\/\/portalnewsgta.com.br\/index.php\/wp-json\/wp\/v2\/categories?post=30899"},{"taxonomy":"post_tag","embeddable":true,"href":"https:\/\/portalnewsgta.com.br\/index.php\/wp-json\/wp\/v2\/tags?post=30899"}],"curies":[{"name":"wp","href":"https:\/\/api.w.org\/{rel}","templated":true}]}}