{"id":30838,"date":"2024-10-16T06:01:26","date_gmt":"2024-10-16T09:01:26","guid":{"rendered":"https:\/\/portalnewsgta.com.br\/index.php\/2024\/10\/16\/policia-civil-prende-autores-de-roubo-de-cargas-que-faziam-motoristas-refens-no-estado\/"},"modified":"2024-10-17T07:45:07","modified_gmt":"2024-10-17T10:45:07","slug":"policia-civil-prende-autores-de-roubo-de-cargas-que-faziam-motoristas-refens-no-estado","status":"publish","type":"post","link":"https:\/\/portalnewsgta.com.br\/index.php\/2024\/10\/16\/policia-civil-prende-autores-de-roubo-de-cargas-que-faziam-motoristas-refens-no-estado\/","title":{"rendered":"Pol\u00edcia Civil prende autores de roubo de cargas que faziam motoristas ref\u00e9ns no Estado"},"content":{"rendered":"<div>\n<div id=\"infocoweb\" class=\"infocoweb infocoweb_canal_61\" data-uuid=\"995ac0e4-bac1-43f7-9f18-7d4b61ff9ab8\">\n<div id=\"infocoweb_cabecalho\" class=\"infocoweb_cabecalho\"><\/div>\n<div id=\"infocoweb_corpo\" class=\"infocoweb_corpo\">\n<p>&nbsp;<\/p>\n<p style=\"text-align: justify;\">Dois criminosos envolvidos em um roubo de carga em que o motorista do caminh\u00e3o foi mantido em c\u00e1rcere privado tiveram mandados de pris\u00e3o preventiva cumpridos pela Pol\u00edcia Civil, nesta quarta-feira (16.10), ap\u00f3s investiga\u00e7\u00f5es conduzidas pela Delegacia de Jaciara.<\/p>\n<p style=\"text-align: justify;\">Os suspeitos tiveram os mandados de pris\u00e3o decretados pela Justi\u00e7a pelos crimes de roubo majorado pelo concurso de pessoas, pela restri\u00e7\u00e3o de liberdade da v\u00edtima e pelo uso da arma de fogo. As tr\u00eas ordens judiciais, sendo dois mandados de pris\u00e3o e um de busca e apreens\u00e3o domiciliar, foram cumpridas na cidade de Juscimeira.<\/p>\n<p style=\"text-align: justify;\">O crime ocorreu no dia 13 de mar\u00e7o deste ano, quando o motorista saiu com o caminh\u00e3o carregado de soja da cidade de Nova Mutum com destino a Rondon\u00f3polis e, por volta das 14h30, foi abordado na BR-364, nas proximidades de Jaciara, por um suspeito que anunciou o assalto.<\/p>\n<p style=\"text-align: justify;\">A v\u00edtima foi levada para uma resid\u00eancia nas proximidades, onde foi amarrada e posteriormente conduzida para uma regi\u00e3o de mata onde foi mantida ref\u00e9m por mais de 24 horas.<\/p>\n<p style=\"text-align: justify;\">Ap\u00f3s ser liberada pelos criminosos, a v\u00edtima procurou a Delegacia de Jaciara, que imediatamente iniciou as investiga\u00e7\u00f5es, conseguindo identificar os dois suspeitos envolvidos no crime, que foram reconhecidos pela v\u00edtima como o executor do roubo e o respons\u00e1vel pelo transporte da carga subtra\u00edda.<\/p>\n<p style=\"text-align: justify;\">As investiga\u00e7\u00f5es apontaram que os suspeitos s\u00e3o comparsas contumazes em crimes de roubo de cargas, sendo coautores no crime de roubo majorado que restringiu a liberdade da v\u00edtima, mantida durante horas sob constantes amea\u00e7as.<\/p>\n<p style=\"text-align: justify;\">Diante das evid\u00eancias, a delegada de Jaciara, Anna Paula Marien Pereira, representou pelos mandados de pris\u00e3o preventiva dos investigados, que foram deferidos pela Justi\u00e7a. A ordem judicial contra os investigados foi cumprida nesta quarta-feira (15), sendo os suspeitos localizados na cidade de Juscimeira.<\/p>\n<p style=\"text-align: justify;\">Ap\u00f3s terem os mandados de pris\u00e3o cumpridos, eles foram conduzidos \u00e0 delegacia, onde foram interrogados sobre os fatos e tomadas as demais provid\u00eancias cab\u00edveis, sendo posteriormente colocados \u00e0 disposi\u00e7\u00e3o da Justi\u00e7a.<\/p>\n<p>As investiga\u00e7\u00f5es seguem em andamento para identificar outros poss\u00edveis envolvidos no crime.<\/p>\n<p id=\"infocoweb_fonte\" class=\"infocoweb_fonte\">Fonte: Governo MT \u2013 MT<\/p>\n<style>#infocoweb_cabecalho {<br \/>\n        display: inline-block;<br \/>\n        margin-top: -75px;<br \/>\n        position: absolute;<br \/>\n        right: 0;<br \/>\n    }<br \/>\n<\/style>\n<style><\/style>\n<\/div>\n<div id=\"infocoweb_rodape\" class=\"infocoweb_rodape\"><\/div>\n<\/div>\n<p>O post Pol\u00edcia Civil prende autores de roubo de cargas que faziam motoristas ref\u00e9ns no Estado apareceu primeiro em Portal MT.<\/p>\n<\/div>\n","protected":false},"excerpt":{"rendered":"<p>&nbsp; Dois criminosos envolvidos em um roubo de carga em que o motorista do caminh\u00e3o<\/p>\n","protected":false},"author":2,"featured_media":30839,"comment_status":"closed","ping_status":"closed","sticky":false,"template":"","format":"standard","meta":{"footnotes":""},"categories":[8],"tags":[],"aioseo_notices":[],"_links":{"self":[{"href":"https:\/\/portalnewsgta.com.br\/index.php\/wp-json\/wp\/v2\/posts\/30838"}],"collection":[{"href":"https:\/\/portalnewsgta.com.br\/index.php\/wp-json\/wp\/v2\/posts"}],"about":[{"href":"https:\/\/portalnewsgta.com.br\/index.php\/wp-json\/wp\/v2\/types\/post"}],"author":[{"embeddable":true,"href":"https:\/\/portalnewsgta.com.br\/index.php\/wp-json\/wp\/v2\/users\/2"}],"replies":[{"embeddable":true,"href":"https:\/\/portalnewsgta.com.br\/index.php\/wp-json\/wp\/v2\/comments?post=30838"}],"version-history":[{"count":1,"href":"https:\/\/portalnewsgta.com.br\/index.php\/wp-json\/wp\/v2\/posts\/30838\/revisions"}],"predecessor-version":[{"id":30948,"href":"https:\/\/portalnewsgta.com.br\/index.php\/wp-json\/wp\/v2\/posts\/30838\/revisions\/30948"}],"wp:featuredmedia":[{"embeddable":true,"href":"https:\/\/portalnewsgta.com.br\/index.php\/wp-json\/wp\/v2\/media\/30839"}],"wp:attachment":[{"href":"https:\/\/portalnewsgta.com.br\/index.php\/wp-json\/wp\/v2\/media?parent=30838"}],"wp:term":[{"taxonomy":"category","embeddable":true,"href":"https:\/\/portalnewsgta.com.br\/index.php\/wp-json\/wp\/v2\/categories?post=30838"},{"taxonomy":"post_tag","embeddable":true,"href":"https:\/\/portalnewsgta.com.br\/index.php\/wp-json\/wp\/v2\/tags?post=30838"}],"curies":[{"name":"wp","href":"https:\/\/api.w.org\/{rel}","templated":true}]}}