{"id":30773,"date":"2024-10-16T08:23:20","date_gmt":"2024-10-16T11:23:20","guid":{"rendered":"https:\/\/portalnewsgta.com.br\/?p=30773"},"modified":"2024-10-16T08:23:20","modified_gmt":"2024-10-16T11:23:20","slug":"torco-pelo-abilio-porque-estamos-mais-proximos-diz-pivetta","status":"publish","type":"post","link":"https:\/\/portalnewsgta.com.br\/index.php\/2024\/10\/16\/torco-pelo-abilio-porque-estamos-mais-proximos-diz-pivetta\/","title":{"rendered":"\u201cTor\u00e7o pelo Ab\u00edlio, porque estamos mais pr\u00f3ximos\u201d, diz Pivetta"},"content":{"rendered":"<section class=\"FullLine\">\n<div class=\"conteudo\">\n<h3>Vice-governador diz que os cuiabanos \u201cclamam por mudan\u00e7a\u201d e por isso Ab\u00edlio e L\u00fadio est\u00e3o no 2\u00aa turno<\/h3>\n<\/div>\n<\/section>\n<section>\n<div class=\"FullLine\">\n<div class=\"conteudo_foto\">\n<div class=\"imgcontent\">\n<p class=\"credito_foto\">Christiano Antonucci<\/p>\n<p class=\"descricao_foto\">O vice-governador Otaviano Pivetta, que disse torcer para Ab\u00edlio Brunini na elei\u00e7\u00e3o em Cuiab\u00e1<\/p>\n<\/div>\n<\/div>\n<div class=\"Font14Bold\">C\u00cdNTIA BORGES<br \/>\nDA REDA\u00c7\u00c3O<\/div>\n<div id=\"texto\" class=\"texto\">\n<p>O vice-governador Otaviano Pivetta (Republicanos) disse torcer para que o candidato a prefeito de Cuiab\u00e1, Ab\u00edlio Brunini (PL), ven\u00e7a o segundo turno das elei\u00e7\u00f5es municipais.<\/p>\n<p>&nbsp;<\/p>\n<p>\u201cEu tor\u00e7o pelo Ab\u00edlio, porque programaticamente estamos mais pr\u00f3ximos. E, historicamente, as poucas alian\u00e7as que fizemos na \u00faltima elei\u00e7\u00e3o foi com o partido do Ab\u00edlio. Tor\u00e7o por ele\u201d, disse \u00e0 imprensa.<\/p>\n<p>&nbsp;<\/p>\n<div class=\"quote-wrapper right\">\n<div class=\"quote-img-wrapper right\"><img decoding=\"async\" class=\"quote-img right\" src=\"https:\/\/www.midianews.com.br\/images\/aspas_right.gif\" \/><\/div>\n<h2 class=\"quote-content\">Eu tor\u00e7o pelo Ab\u00edlio, porque programaticamente estamos mais pr\u00f3ximos<\/h2>\n<\/div>\n<p>\u201cPenso que ele tem as melhores condi\u00e7\u00f5es de fazer as mudan\u00e7as que precisam ser feitas em Cuiab\u00e1\u201d, acrescentou.<\/p>\n<p>&nbsp;<\/p>\n<p>Pivetta engrossou o coro em torno do candidato bolsonarista, que tem apoio do governador Mauro Mendes (Uni\u00e3o) e de parte da bancada federal de Mato Grosso.<\/p>\n<div id=\"taboola-mid-article-thumbnails\" class=\"trc_related_container tbl-trecs-container trc_spotlight_widget trc_elastic trc_elastic_alternating-thumbnails-a-mid-article\" data-placement-name=\"Mid Article Thumbnails\">\n<div class=\"trc_rbox_container\">\n<div>\n<div id=\"trc_wrapper_7434780991\" class=\"trc_rbox alternating-thumbnails-a-mid-article trc-content-hybrid\">\n<div id=\"trc_header_7434780991\" class=\"trc_rbox_header trc_rbox_border_elm\">\n<div class=\"trc_header_ext\"><\/div>\n<\/div>\n<\/div>\n<\/div>\n<\/div>\n<\/div>\n<p>&nbsp;<\/p>\n<p>&nbsp;<\/p>\n<p>No primeiro turno, o Republicanos, sigla de Pivetta, apoiou a candidatura de Eduardo Botelho (Uni\u00e3o), que ficou em terceiro lugar no pleito.<\/p>\n<p>&nbsp;<\/p>\n<p>Para Pivetta, a disputa do segundo turno entre Ab\u00edlio e o candidato L\u00fadio Cabral (PT) mostrou o desejo dos cuiabanos por \u201cmudan\u00e7a\u201d.<\/p>\n<p>&nbsp;<\/p>\n<p>\u201cEm Cuiab\u00e1, as respostas dos eleitores foi um clamor por mudan\u00e7a. Os candidatos que representam mais expectativa de mudan\u00e7a foram para o segundo turno\u201d, disse.<\/p>\n<p>&nbsp;<\/p>\n<p>O segundo turno em Cuiab\u00e1 acontece no dia 27 de outubro, um domingo.<\/p>\n<p>&nbsp;<\/p>\n<\/div>\n<\/div>\n<\/section>\n","protected":false},"excerpt":{"rendered":"<p>Vice-governador diz que os cuiabanos \u201cclamam por mudan\u00e7a\u201d e por isso Ab\u00edlio e L\u00fadio est\u00e3o<\/p>\n","protected":false},"author":2,"featured_media":30774,"comment_status":"open","ping_status":"open","sticky":false,"template":"","format":"standard","meta":{"footnotes":""},"categories":[13,2],"tags":[302],"aioseo_notices":[],"_links":{"self":[{"href":"https:\/\/portalnewsgta.com.br\/index.php\/wp-json\/wp\/v2\/posts\/30773"}],"collection":[{"href":"https:\/\/portalnewsgta.com.br\/index.php\/wp-json\/wp\/v2\/posts"}],"about":[{"href":"https:\/\/portalnewsgta.com.br\/index.php\/wp-json\/wp\/v2\/types\/post"}],"author":[{"embeddable":true,"href":"https:\/\/portalnewsgta.com.br\/index.php\/wp-json\/wp\/v2\/users\/2"}],"replies":[{"embeddable":true,"href":"https:\/\/portalnewsgta.com.br\/index.php\/wp-json\/wp\/v2\/comments?post=30773"}],"version-history":[{"count":1,"href":"https:\/\/portalnewsgta.com.br\/index.php\/wp-json\/wp\/v2\/posts\/30773\/revisions"}],"predecessor-version":[{"id":30775,"href":"https:\/\/portalnewsgta.com.br\/index.php\/wp-json\/wp\/v2\/posts\/30773\/revisions\/30775"}],"wp:featuredmedia":[{"embeddable":true,"href":"https:\/\/portalnewsgta.com.br\/index.php\/wp-json\/wp\/v2\/media\/30774"}],"wp:attachment":[{"href":"https:\/\/portalnewsgta.com.br\/index.php\/wp-json\/wp\/v2\/media?parent=30773"}],"wp:term":[{"taxonomy":"category","embeddable":true,"href":"https:\/\/portalnewsgta.com.br\/index.php\/wp-json\/wp\/v2\/categories?post=30773"},{"taxonomy":"post_tag","embeddable":true,"href":"https:\/\/portalnewsgta.com.br\/index.php\/wp-json\/wp\/v2\/tags?post=30773"}],"curies":[{"name":"wp","href":"https:\/\/api.w.org\/{rel}","templated":true}]}}