{"id":30711,"date":"2024-10-16T07:32:39","date_gmt":"2024-10-16T10:32:39","guid":{"rendered":"https:\/\/portalnewsgta.com.br\/?p=30711"},"modified":"2024-10-16T07:32:39","modified_gmt":"2024-10-16T10:32:39","slug":"sema-apresenta-car-digital-ao-juizado-volante-e-vara-especializada-de-meio-ambiente-2","status":"publish","type":"post","link":"https:\/\/portalnewsgta.com.br\/index.php\/2024\/10\/16\/sema-apresenta-car-digital-ao-juizado-volante-e-vara-especializada-de-meio-ambiente-2\/","title":{"rendered":"Sema apresenta CAR Digital ao Juizado Volante e Vara Especializada de Meio Ambiente"},"content":{"rendered":"<h2 class=\"subtitulo mb-1\">Apresenta\u00e7\u00e3o mostrou os munic\u00edpios implementados, o processo para valida\u00e7\u00e3o e os desafios da regulariza\u00e7\u00e3o ambiental<\/h2>\n<div class=\"autor mb-1\">Renata Prata | Sema-MT<\/div>\n<div><\/div>\n<div>\n<div class=\"container-fluid pt-4 pb-4\">\n<div class=\"container\">\n<div class=\"row text-center legenda_foto mt-2\">\n<div class=\"col-12\"><b>Cr\u00e9dito &#8211;\u00a0<\/b>Divulga\u00e7\u00e3o<\/div>\n<\/div>\n<\/div>\n<\/div>\n<div class=\"container mt-5\">\n<div class=\"row justify-content-md-center\">\n<div class=\"col-sm-11 conteudo\">\n<p>A Secretaria de Estado de Meio Ambiente (Sema) apresentou, nesta segunda-feira (14.10), o CAR Digital e o Sistema Mato-grossense de Cadastro Ambiental (SIMCAR) para a equipe jur\u00eddica do Juizado Volante Ambiental (Juvam) e da Vara Especializada do Meio Ambiente (Vema).<\/p>\n<p>A apresenta\u00e7\u00e3o foi realizada pela secret\u00e1ria de Estado de Meio Ambiente, Mauren Lazzaretti, e a secretaria adjunta de Gest\u00e3o Ambiental, Luciane Bertinatto. O encontro foi liderado pelo juiz respons\u00e1vel pelas institui\u00e7\u00f5es, Ant\u00f4nio Hor\u00e1cio da Silva Neto.<\/p>\n<p>\u00danico em todo o Brasil, o CAR Digital faz a an\u00e1lise 100% automatizada dos cadastros de im\u00f3veis rurais do Estado. O sistema utiliza a tecnologia de imagens de sat\u00e9lites para apontar e gerar ao produtor o Cadastro Ambiental Rural (CAR) aprovado pela Sema, sem passar pela interven\u00e7\u00e3o de analistas do \u00f3rg\u00e3o, o que traz mais agilidade em todo o processo. Desde a implementa\u00e7\u00e3o em mar\u00e7o deste ano, foram 14,1 mil CARs analisados, sendo 10,2 mil validados pela Sema e 4,8 mil aceitos ou recusados.<\/p>\n<p>Com o interesse de aumentar a transpar\u00eancia e conhecimento sobre o processo, a Sema se re\u00fane com institui\u00e7\u00f5es p\u00fablicas para mostrar as vantagens e os tr\u00e2mites legais do CAR Digital.<\/p>\n<p>A apresenta\u00e7\u00e3o destacou os 18 munic\u00edpios que o CAR Digital j\u00e1 est\u00e1 implementados, o processo para valida\u00e7\u00e3o do im\u00f3vel rural e os desafios da regulariza\u00e7\u00e3o ambiental.<\/p>\n<p>O juiz Ant\u00f4nio Hor\u00e1cio destacou que &#8220;a apresenta\u00e7\u00e3o foi relevante para que assessores do Juizado Volante Ambiental e da Vara Especializada do Meio Ambiente saibam como proceder para facilitar o servi\u00e7o judici\u00e1rio&#8221;. &#8220;\u00c9 importante compreender melhor como o servi\u00e7o administrativo da Sema s\u00e3o realizados\u201d, disse.<\/p>\n<p>A secret\u00e1ria de Meio Ambiente refor\u00e7ou que \u00e9 importante a transpar\u00eancia dos processos do CAR Digital para os \u00f3rg\u00e3os p\u00fablicos, que ter\u00e3o um conhecimento maior de todo o tr\u00e2mite administrativo.<\/p>\n<p>\u201cO Estado de Mato Grosso ser\u00e1 protagonista da regulariza\u00e7\u00e3o ambiental e ser\u00e1 marcado como um estado que produz, mas tamb\u00e9m um estado que conserva e comprometido com a implementa\u00e7\u00e3o do C\u00f3digo Florestal\u201d, destacou Mauren.<\/p>\n<p>Neste ano, o sistema foi apresentado para 40 ju\u00edzes do Tribunal de Justi\u00e7a de Mato Grosso (TJMT), al\u00e9m do Minist\u00e9rio P\u00fablico Estadual (MPE) e Tribunal de Contas do Estado (TCE).<\/p>\n<p>Outra forma de exposi\u00e7\u00e3o do Simcar s\u00e3o os mutir\u00f5es do CAR Digital, que est\u00e3o sendo realizados nos munic\u00edpios com orienta\u00e7\u00e3o aos produtores sobre como avaliar seu Cadastro Ambiental Rural ou atender as complementa\u00e7\u00f5es dos CAR\u2019s inaptos. Este ano foram realizados mutir\u00e3o em Nova Ubirat\u00e3, Nova Mutum e Tangar\u00e1 da Serra, que abrangeram 17 munic\u00edpios.<\/p>\n<\/div>\n<\/div>\n<\/div>\n<\/div>\n","protected":false},"excerpt":{"rendered":"<p>Apresenta\u00e7\u00e3o mostrou os munic\u00edpios implementados, o processo para valida\u00e7\u00e3o e os desafios da regulariza\u00e7\u00e3o ambiental<\/p>\n","protected":false},"author":2,"featured_media":30712,"comment_status":"open","ping_status":"open","sticky":false,"template":"","format":"standard","meta":{"footnotes":""},"categories":[7,13],"tags":[164],"aioseo_notices":[],"_links":{"self":[{"href":"https:\/\/portalnewsgta.com.br\/index.php\/wp-json\/wp\/v2\/posts\/30711"}],"collection":[{"href":"https:\/\/portalnewsgta.com.br\/index.php\/wp-json\/wp\/v2\/posts"}],"about":[{"href":"https:\/\/portalnewsgta.com.br\/index.php\/wp-json\/wp\/v2\/types\/post"}],"author":[{"embeddable":true,"href":"https:\/\/portalnewsgta.com.br\/index.php\/wp-json\/wp\/v2\/users\/2"}],"replies":[{"embeddable":true,"href":"https:\/\/portalnewsgta.com.br\/index.php\/wp-json\/wp\/v2\/comments?post=30711"}],"version-history":[{"count":1,"href":"https:\/\/portalnewsgta.com.br\/index.php\/wp-json\/wp\/v2\/posts\/30711\/revisions"}],"predecessor-version":[{"id":30713,"href":"https:\/\/portalnewsgta.com.br\/index.php\/wp-json\/wp\/v2\/posts\/30711\/revisions\/30713"}],"wp:featuredmedia":[{"embeddable":true,"href":"https:\/\/portalnewsgta.com.br\/index.php\/wp-json\/wp\/v2\/media\/30712"}],"wp:attachment":[{"href":"https:\/\/portalnewsgta.com.br\/index.php\/wp-json\/wp\/v2\/media?parent=30711"}],"wp:term":[{"taxonomy":"category","embeddable":true,"href":"https:\/\/portalnewsgta.com.br\/index.php\/wp-json\/wp\/v2\/categories?post=30711"},{"taxonomy":"post_tag","embeddable":true,"href":"https:\/\/portalnewsgta.com.br\/index.php\/wp-json\/wp\/v2\/tags?post=30711"}],"curies":[{"name":"wp","href":"https:\/\/api.w.org\/{rel}","templated":true}]}}