{"id":30683,"date":"2024-10-15T22:00:57","date_gmt":"2024-10-16T01:00:57","guid":{"rendered":"https:\/\/portalnewsgta.com.br\/index.php\/2024\/10\/15\/governador-nomeia-promotor-de-justica-wesley-sanchez-lacerda-para-vaga-de-desembargador\/"},"modified":"2024-10-15T22:00:57","modified_gmt":"2024-10-16T01:00:57","slug":"governador-nomeia-promotor-de-justica-wesley-sanchez-lacerda-para-vaga-de-desembargador","status":"publish","type":"post","link":"https:\/\/portalnewsgta.com.br\/index.php\/2024\/10\/15\/governador-nomeia-promotor-de-justica-wesley-sanchez-lacerda-para-vaga-de-desembargador\/","title":{"rendered":"Governador nomeia promotor de Justi\u00e7a Wesley Sanchez Lacerda para vaga de desembargador"},"content":{"rendered":"<div>\n<div id=\"infocoweb\" data-uuid=\"836a39a6-65d0-4403-85ec-91188cd7ac08\" class=\"infocoweb infocoweb_canal_61\">\n<div id=\"infocoweb_cabecalho\" class=\"infocoweb_cabecalho\"><\/div>\n<div id=\"infocoweb_corpo\" class=\"infocoweb_corpo\"><span class=\"ifn_post_add_feature_image_to_the_top\"><\/span><\/p>\n<p>O governador Mauro Mendes nomeou o promotor de Justi\u00e7a Wesley Sanchez Lacerda para a vaga de desembargador pelo quinto constitucional do Minist\u00e9rio P\u00fablico.<\/p>\n<p>A nomea\u00e7\u00e3o foi assinada na noite desta ter\u00e7a-feira (15.10).<\/p>\n<p>A lista tr\u00edplice foi entregue ao governador na segunda-feira, pelas m\u00e3os da presidente do Tribunal de Justi\u00e7a, desembargadora Clarice Claudino.<\/p>\n<p>\u201cTenho certeza que ele far\u00e1 um excelente trabalho no Judici\u00e1rio de Mato Grosso, da mesma forma como tem feito no Minist\u00e9rio P\u00fablico\u201d, afirmou o governador.<\/p>\n<p>Tamb\u00e9m disputavam a lista tr\u00edplice para a vaga, aberta com a aposentadoria do desembargador Paulo da Cunha em agosto, a promotora de Ana Lu\u00edza Peterlini de Souza e a procuradora de Justi\u00e7a Eunice Helena Rodrigues de Barros.<\/p>\n<p id=\"infocoweb_fonte\" class=\"infocoweb_fonte\">Fonte: Governo MT \u2013 MT<\/p>\n<style>#infocoweb_cabecalho {\n        display: inline-block;\n        margin-top: -75px;\n        position: absolute;\n        right: 0;\n    }\n<\/style>\n<style><\/style>\n<\/div>\n<div id=\"infocoweb_rodape\" class=\"infocoweb_rodape\"><\/div>\n<\/div>\n<p>O post Governador nomeia promotor de Justi\u00e7a Wesley Sanchez Lacerda para vaga de desembargador apareceu primeiro em Portal MT.<\/p>\n<\/div>\n","protected":false},"excerpt":{"rendered":"<p>O governador Mauro Mendes nomeou o promotor de Justi\u00e7a Wesley Sanchez Lacerda para a vaga<\/p>\n","protected":false},"author":2,"featured_media":30684,"comment_status":"registered_only","ping_status":"closed","sticky":false,"template":"","format":"standard","meta":{"footnotes":""},"categories":[7],"tags":[],"aioseo_notices":[],"_links":{"self":[{"href":"https:\/\/portalnewsgta.com.br\/index.php\/wp-json\/wp\/v2\/posts\/30683"}],"collection":[{"href":"https:\/\/portalnewsgta.com.br\/index.php\/wp-json\/wp\/v2\/posts"}],"about":[{"href":"https:\/\/portalnewsgta.com.br\/index.php\/wp-json\/wp\/v2\/types\/post"}],"author":[{"embeddable":true,"href":"https:\/\/portalnewsgta.com.br\/index.php\/wp-json\/wp\/v2\/users\/2"}],"replies":[{"embeddable":true,"href":"https:\/\/portalnewsgta.com.br\/index.php\/wp-json\/wp\/v2\/comments?post=30683"}],"version-history":[{"count":0,"href":"https:\/\/portalnewsgta.com.br\/index.php\/wp-json\/wp\/v2\/posts\/30683\/revisions"}],"wp:featuredmedia":[{"embeddable":true,"href":"https:\/\/portalnewsgta.com.br\/index.php\/wp-json\/wp\/v2\/media\/30684"}],"wp:attachment":[{"href":"https:\/\/portalnewsgta.com.br\/index.php\/wp-json\/wp\/v2\/media?parent=30683"}],"wp:term":[{"taxonomy":"category","embeddable":true,"href":"https:\/\/portalnewsgta.com.br\/index.php\/wp-json\/wp\/v2\/categories?post=30683"},{"taxonomy":"post_tag","embeddable":true,"href":"https:\/\/portalnewsgta.com.br\/index.php\/wp-json\/wp\/v2\/tags?post=30683"}],"curies":[{"name":"wp","href":"https:\/\/api.w.org\/{rel}","templated":true}]}}