{"id":29362,"date":"2024-10-07T11:00:45","date_gmt":"2024-10-07T14:00:45","guid":{"rendered":"https:\/\/portalnewsgta.com.br\/index.php\/2024\/10\/07\/cuiaba-sediara-evento-voltado-a-capacitacao-de-equipes-de-fazendas-de-pecuaria\/"},"modified":"2024-10-07T11:00:45","modified_gmt":"2024-10-07T14:00:45","slug":"cuiaba-sediara-evento-voltado-a-capacitacao-de-equipes-de-fazendas-de-pecuaria","status":"publish","type":"post","link":"https:\/\/portalnewsgta.com.br\/index.php\/2024\/10\/07\/cuiaba-sediara-evento-voltado-a-capacitacao-de-equipes-de-fazendas-de-pecuaria\/","title":{"rendered":"Cuiab\u00e1 sediar\u00e1 evento voltado a capacita\u00e7\u00e3o de equipes de fazendas de pecu\u00e1ria"},"content":{"rendered":"<div>\n<p style=\"text-align: justify;\">\n<p style=\"text-align: justify;\">\n<p style=\"text-align: justify;\">\n<p style=\"text-align: justify;\">Com a proposta de capacitar e valorizar os profissionais que atuam em fazendas de gado de Mato Grosso, ocorrer\u00e1 no Parque de Exposi\u00e7\u00f5es de Cuiab\u00e1, o Unipe\u00e3o 2024 contar\u00e1 com uma diversificada programa\u00e7\u00e3o com palestras e stands dedicados \u00e0 rotina de vaqueiros e capatazes.<\/p>\n<p style=\"text-align: justify;\">Para a coordenadora Gesta\u2019Up Academy, que \u00e9 a promotora do evento, Ronyatta Weich, o Unipe\u00e3o \u00e9 uma oportunidade para os pecuaristas capacitarem seus colaboradores e realizarem a intera\u00e7\u00e3o com outros vaqueiros promovendo a troca de informa\u00e7\u00f5es diante de realidades diferentes. \u201cS\u00e3o assuntos t\u00e9cnicos que s\u00e3o trabalhados em stands de empresas parceiras do evento, onde teremos palestras com temas como manejo de pastagens, suplementa\u00e7\u00e3o de bovinos de corte, manuten\u00e7\u00e3o de m\u00e1quinas e implementos e o uso de drones na pecu\u00e1ria. Ap\u00f3s esta parte t\u00e9cnica, os participantes ter\u00e3o uma palestra sobre o gerenciamento de \u00e1rea de atividades com o zootecnista Welton Cabral, que tratar\u00e1 das atividades operacionais no dia a dia da fazenda e como fazer o planejamento destas rotinas\u201d, pontuou.<\/p>\n<p style=\"text-align: justify;\">Para finalizar a programa\u00e7\u00e3o de palestras, a consultora Jacqueline Lubaski, abordar\u00e1 a \u00e1rea e gest\u00e3o de pessoas com o tema \u201cComo aproveitar as oportunidades do agro\u201d, onde os participantes integrar\u00e3o uma din\u00e2mica de rela\u00e7\u00f5es interpessoais, para o desenvolvimento de uma comunica\u00e7\u00e3o eficaz dentro do seu ambiente de trabalho.<\/p>\n<p style=\"text-align: justify;\">Como forma de facilitar a participa\u00e7\u00e3o dos colaboradores de seus associados, a Associa\u00e7\u00e3o dos Criadores de Nelore de Mato Grosso (Nelore MT) visando oportunizar a capacita\u00e7\u00e3o e a difus\u00e3o de conhecimento, conseguiu junto \u00e0 organiza\u00e7\u00e3o do evento um desconto de 15% na inscri\u00e7\u00e3o para o Unipe\u00e3o 2024. \u201cTodo evento voltado para o desenvolvimento da cadeia produtiva da pecu\u00e1ria \u00e9 visto com bons olhos pela Associa\u00e7\u00e3o e por isso a Unipe\u00e3o conta com nosso apoio\u201d, ressaltou Juliano Ponce, diretor da Nelore MT.<\/p>\n<p style=\"text-align: justify;\">A inscri\u00e7\u00e3o para o evento pode ser realizada pelo link: https:\/\/mpago.la\/2iN4JZn. Outras informa\u00e7\u00f5es pelo telefone (WhatsApp) 66-99644-4791.<\/p>\n<p style=\"text-align: justify;\">Programa\u00e7\u00e3o:<\/p>\n<p style=\"text-align: justify;\">6h30 \u2013 Recep\u00e7\u00e3o e caf\u00e9 da manh\u00e3;<\/p>\n<p style=\"text-align: justify;\">7h30 \u00e0s 9h \u2013 Stands e palestras;<\/p>\n<p style=\"text-align: justify;\">Esta\u00e7\u00e3o 01: Manejo de pastagens;<\/p>\n<p style=\"text-align: justify;\">Esta\u00e7\u00e3o 02: Suplementa\u00e7\u00e3o de bovinos de corte;<\/p>\n<p style=\"text-align: justify;\">Esta\u00e7\u00e3o 03: Uso de drone na pecu\u00e1ria;<\/p>\n<p style=\"text-align: justify;\">Esta\u00e7\u00e3o 04: Manuten\u00e7\u00e3o de m\u00e1quinas e implementos;<\/p>\n<p style=\"text-align: justify;\">9h \u2013 Intervalo;<\/p>\n<p style=\"text-align: justify;\">9h30 \u2013 Gest\u00e3o de rotinas nas fazendas \u2013 Welton Cabral;<\/p>\n<p style=\"text-align: justify;\">10h30 \u2013 Din\u00e2mica: Planejamento de atividades \u2013 Rotina de fazenda;<\/p>\n<p style=\"text-align: justify;\">11h \u2013 Almo\u00e7o;<\/p>\n<p style=\"text-align: justify;\">13h \u2013 Como aproveitar as oportunidades do agro \u2013 Jacqueline Lubaski;<\/p>\n<p style=\"text-align: justify;\">14h \u2013 Din\u00e2mica: Rela\u00e7\u00f5es interpessoais;<\/p>\n<p style=\"text-align: justify;\">15h30 \u2013 Encerramento.<\/p>\n<\/p>\n<p>O post Cuiab\u00e1 sediar\u00e1 evento voltado a capacita\u00e7\u00e3o de equipes de fazendas de pecu\u00e1ria apareceu primeiro em Portal MT.<\/p>\n<\/div>\n","protected":false},"excerpt":{"rendered":"<p>Com a proposta de capacitar e valorizar os profissionais que atuam em fazendas de gado<\/p>\n","protected":false},"author":2,"featured_media":29363,"comment_status":"registered_only","ping_status":"closed","sticky":false,"template":"","format":"standard","meta":{"footnotes":""},"categories":[7],"tags":[],"aioseo_notices":[],"_links":{"self":[{"href":"https:\/\/portalnewsgta.com.br\/index.php\/wp-json\/wp\/v2\/posts\/29362"}],"collection":[{"href":"https:\/\/portalnewsgta.com.br\/index.php\/wp-json\/wp\/v2\/posts"}],"about":[{"href":"https:\/\/portalnewsgta.com.br\/index.php\/wp-json\/wp\/v2\/types\/post"}],"author":[{"embeddable":true,"href":"https:\/\/portalnewsgta.com.br\/index.php\/wp-json\/wp\/v2\/users\/2"}],"replies":[{"embeddable":true,"href":"https:\/\/portalnewsgta.com.br\/index.php\/wp-json\/wp\/v2\/comments?post=29362"}],"version-history":[{"count":0,"href":"https:\/\/portalnewsgta.com.br\/index.php\/wp-json\/wp\/v2\/posts\/29362\/revisions"}],"wp:featuredmedia":[{"embeddable":true,"href":"https:\/\/portalnewsgta.com.br\/index.php\/wp-json\/wp\/v2\/media\/29363"}],"wp:attachment":[{"href":"https:\/\/portalnewsgta.com.br\/index.php\/wp-json\/wp\/v2\/media?parent=29362"}],"wp:term":[{"taxonomy":"category","embeddable":true,"href":"https:\/\/portalnewsgta.com.br\/index.php\/wp-json\/wp\/v2\/categories?post=29362"},{"taxonomy":"post_tag","embeddable":true,"href":"https:\/\/portalnewsgta.com.br\/index.php\/wp-json\/wp\/v2\/tags?post=29362"}],"curies":[{"name":"wp","href":"https:\/\/api.w.org\/{rel}","templated":true}]}}