{"id":28350,"date":"2024-09-27T21:01:10","date_gmt":"2024-09-28T00:01:10","guid":{"rendered":"https:\/\/portalnewsgta.com.br\/index.php\/2024\/09\/27\/sema-atende-115-proprietarios-rurais-e-responsaveis-tecnicos-durante-mutirao-ambiental-de-tangara-da-serra\/"},"modified":"2024-09-27T21:01:10","modified_gmt":"2024-09-28T00:01:10","slug":"sema-atende-115-proprietarios-rurais-e-responsaveis-tecnicos-durante-mutirao-ambiental-de-tangara-da-serra","status":"publish","type":"post","link":"https:\/\/portalnewsgta.com.br\/index.php\/2024\/09\/27\/sema-atende-115-proprietarios-rurais-e-responsaveis-tecnicos-durante-mutirao-ambiental-de-tangara-da-serra\/","title":{"rendered":"Sema atende 115 propriet\u00e1rios rurais e respons\u00e1veis t\u00e9cnicos durante Mutir\u00e3o Ambiental de Tangar\u00e1 da Serra"},"content":{"rendered":"<div>\n<div id=\"infocoweb\" data-uuid=\"1a0f872d-c53a-466a-847e-93b7e59ec1c4\" class=\"infocoweb infocoweb_canal_61\">\n<div id=\"infocoweb_cabecalho\" class=\"infocoweb_cabecalho\"><\/div>\n<div id=\"infocoweb_corpo\" class=\"infocoweb_corpo\"><span class=\"ifn_post_add_feature_image_to_the_top\"><\/span><\/p>\n<p style=\"text-align: justify\">As equipes da Secretaria de Estado de Meio Ambiente (Sema-MT) atenderam 115 propriet\u00e1rios rurais e respons\u00e1veis t\u00e9cnicos durante o Mutir\u00e3o Ambiental CAR Digital, em Tangar\u00e1 da Serra, sobre 250 Cadastros Ambientais Rurais. O evento foi organizado pelo Sindicato Rural de Tangar\u00e1 da Serra, abrangendo os munic\u00edpios de Tangar\u00e1 da Serra, Sapezal, Campos de J\u00falio, Campo Novo do Parecis, Brasnorte, Nova Maring\u00e1, S\u00e3o Jos\u00e9 do Rio Claro e Diamantino, e terminou nesta quinta-feira (26.09),<\/p>\n<p style=\"text-align: justify\">Os analistas ambientais da Sema tiraram d\u00favidas sobre a valida\u00e7\u00e3o do registro ambiental das propriedades e nove CARs foram validados ainda durante o mutir\u00e3o. Esse foi o caso de Gilberto Alves Camargo, do Assentamento Vale do Sol 2, em Tangar\u00e1 da Serra, que possui uma propriedade de quatro hectares e, em menos de 24 horas, conseguiu receber o seu CAR e Autoriza\u00e7\u00e3o Provis\u00f3ria de Funcionamento (APF), podendo assim investir em sua propriedade, buscando financiamentos banc\u00e1rios e realizando vendas dos produtos cultivados.<\/p>\n<p style=\"text-align: justify\">\u201cDentro do assentamento muitas pessoas desistem pela dificuldade. A gente nasceu e se criou dentro da ro\u00e7a, a vontade \u00e9 produzir, ter qualidade e quantidade de produto que possa estar colocando no mercado. N\u00e3o sabia por onde come\u00e7ar mas cheguei aqui e conversei com a pessoa certa, que fez isso aqui acontecer, para que de fato o pequeno produtor seja visto como um trabalhador que gosta de ver a produ\u00e7\u00e3o sair boa. A vontade da gente \u00e9 essa, mas quando n\u00e3o tem o lado t\u00e9cnico que pode ajudar, essa dificuldade \u00e9 imensa\u201d, destacou o pequeno empreendedor rural.<\/p>\n<p style=\"text-align: justify\"><source><img decoding=\"async\" alt=\"\" height=\"267\" src=\"https:\/\/www.secom.mt.gov.br\/documents\/d\/mt\/whatsapp-image-2024-09-27-at-14-26-09-jpeg\">         <\/source>  <\/p>\n<p style=\"text-align: justify\">A secret\u00e1ria adjunta de Gest\u00e3o Ambiental, Luciane Bertinatto, agradeceu a equipe da Sema pelo empenho e comprometimento em Tangar\u00e1 da Serra e destacou a import\u00e2ncia do mutir\u00e3o e a solidifica\u00e7\u00e3o da posi\u00e7\u00e3o da secretaria nos munic\u00edpios.<\/p>\n<p style=\"text-align: justify\">\u201cDemonstra que a Sema e a equipe est\u00e3o comprometidos com rela\u00e7\u00e3o ao Cadastro Ambiental Rural, juntamente com as institui\u00e7\u00f5es, os respons\u00e1veis t\u00e9cnicos e os produtores. O caso do senhor Gilberto, que saiu com o CAR validado e a APF emitida, que era um sonho que ele tinha de tantos anos, demonstra que aqui, com a ajuda de todos, \u00e9 poss\u00edvel fazer, basta que as entidades e as institui\u00e7\u00f5es realmente fiquem pr\u00f3ximos desse pequeno produtor\u201d, ponderou.<\/p>\n<p style=\"text-align: justify\"><strong>Mutir\u00e3o CAR Digital<\/strong><\/p>\n<p style=\"text-align: justify\">O CAR Digital \u00e9 um projeto \u00fanico no Brasil, 100% automatizado para a an\u00e1lise dos cadastros de im\u00f3veis rurais do Estado. O sistema utiliza a tecnologia de imagens de sat\u00e9lites para apontar e gerar ao produtor o CAR aprovado pela Sema, trazendo mais agilidade em todo o processo.<\/p>\n<p style=\"text-align: justify\">O objetivo dos analistas durante o mutir\u00e3o \u00e9 instruir o produtor rural e o respons\u00e1vel t\u00e9cnico para analisar o CAR Digital confeccionado pela Sema e avaliar o seu cadastro ambiental rural para poder realizar a valida\u00e7\u00e3o.<\/p>\n<p style=\"text-align: justify\"><source><img decoding=\"async\" alt=\"\" height=\"267\" src=\"https:\/\/www.secom.mt.gov.br\/documents\/d\/mt\/whatsapp-image-2024-09-27-at-10-04-41-jpeg\">         <\/source>  <\/p>\n<p style=\"text-align: justify\">O evento foi aberto com a palestra \u201cCAR Digital\u201d \u2013 Oportunidades e Desafios da Regulariza\u00e7\u00e3o Ambiental em Mato Grosso, ministrada pela secret\u00e1ria adjunta Luciane Bertinatto.  Tamb\u00e9m foi realizada uma roda de conversa com os respons\u00e1veis t\u00e9cnicos dos munic\u00edpios inseridos no Mutir\u00e3o Ambiental CAR Digital.<\/p>\n<p style=\"text-align: justify\">O evento teve a parceria da Sema, Federa\u00e7\u00e3o da Agricultura e Pecu\u00e1ria do Estado de Mato Grosso (Famato), Associa\u00e7\u00e3o dos Criadores de Mato Grosso (Acrimat) e Associa\u00e7\u00e3o dos Produtores de Soja e Milho do Estado de Mato Grosso (Aprosoja), Associa\u00e7\u00e3o Mato-grossense dos Produtores de Algod\u00e3o (Ampa), Ordem dos Advogados do Brasil (OAB), Instituto Mato-grossense de Carne (Imac) e JBS.<\/p>\n<p style=\"text-align: justify\">Tamb\u00e9m apoiaram o evento o Sindicato dos Trabalhadores Rurais de Tangar\u00e1 da Serra e a Diretoria de Unidade Desconcentrada da Sema no munic\u00edpio.<\/p>\n<p id=\"infocoweb_fonte\" class=\"infocoweb_fonte\">Fonte: Governo MT \u2013 MT<\/p>\n<style>#infocoweb_cabecalho {\n        display: inline-block;\n        margin-top: -75px;\n        position: absolute;\n        right: 0;\n    }\n<\/style>\n<style><\/style>\n<\/div>\n<div id=\"infocoweb_rodape\" class=\"infocoweb_rodape\"><\/div>\n<\/div>\n<p>O post Sema atende 115 propriet\u00e1rios rurais e respons\u00e1veis t\u00e9cnicos durante Mutir\u00e3o Ambiental de Tangar\u00e1 da Serra apareceu primeiro em Portal MT.<\/p>\n<\/div>\n","protected":false},"excerpt":{"rendered":"<p>As equipes da Secretaria de Estado de Meio Ambiente (Sema-MT) atenderam 115 propriet\u00e1rios rurais e<\/p>\n","protected":false},"author":2,"featured_media":28351,"comment_status":"registered_only","ping_status":"closed","sticky":false,"template":"","format":"standard","meta":{"footnotes":""},"categories":[7],"tags":[],"aioseo_notices":[],"_links":{"self":[{"href":"https:\/\/portalnewsgta.com.br\/index.php\/wp-json\/wp\/v2\/posts\/28350"}],"collection":[{"href":"https:\/\/portalnewsgta.com.br\/index.php\/wp-json\/wp\/v2\/posts"}],"about":[{"href":"https:\/\/portalnewsgta.com.br\/index.php\/wp-json\/wp\/v2\/types\/post"}],"author":[{"embeddable":true,"href":"https:\/\/portalnewsgta.com.br\/index.php\/wp-json\/wp\/v2\/users\/2"}],"replies":[{"embeddable":true,"href":"https:\/\/portalnewsgta.com.br\/index.php\/wp-json\/wp\/v2\/comments?post=28350"}],"version-history":[{"count":0,"href":"https:\/\/portalnewsgta.com.br\/index.php\/wp-json\/wp\/v2\/posts\/28350\/revisions"}],"wp:featuredmedia":[{"embeddable":true,"href":"https:\/\/portalnewsgta.com.br\/index.php\/wp-json\/wp\/v2\/media\/28351"}],"wp:attachment":[{"href":"https:\/\/portalnewsgta.com.br\/index.php\/wp-json\/wp\/v2\/media?parent=28350"}],"wp:term":[{"taxonomy":"category","embeddable":true,"href":"https:\/\/portalnewsgta.com.br\/index.php\/wp-json\/wp\/v2\/categories?post=28350"},{"taxonomy":"post_tag","embeddable":true,"href":"https:\/\/portalnewsgta.com.br\/index.php\/wp-json\/wp\/v2\/tags?post=28350"}],"curies":[{"name":"wp","href":"https:\/\/api.w.org\/{rel}","templated":true}]}}