{"id":28141,"date":"2024-09-26T12:00:50","date_gmt":"2024-09-26T15:00:50","guid":{"rendered":"https:\/\/portalnewsgta.com.br\/index.php\/2024\/09\/26\/seduc-capacita-diretores-e-coordenadores-pedagogicos-para-mais-uma-etapa-de-avaliacao-educacional\/"},"modified":"2024-09-26T12:00:50","modified_gmt":"2024-09-26T15:00:50","slug":"seduc-capacita-diretores-e-coordenadores-pedagogicos-para-mais-uma-etapa-de-avaliacao-educacional","status":"publish","type":"post","link":"https:\/\/portalnewsgta.com.br\/index.php\/2024\/09\/26\/seduc-capacita-diretores-e-coordenadores-pedagogicos-para-mais-uma-etapa-de-avaliacao-educacional\/","title":{"rendered":"Seduc capacita diretores e coordenadores pedag\u00f3gicos para mais uma etapa de avalia\u00e7\u00e3o educacional"},"content":{"rendered":"<div>\n<div id=\"infocoweb\" data-uuid=\"dbdb99b0-6969-45a6-b045-f008ad3c590b\" class=\"infocoweb infocoweb_canal_61\">\n<div id=\"infocoweb_cabecalho\" class=\"infocoweb_cabecalho\"><\/div>\n<div id=\"infocoweb_corpo\" class=\"infocoweb_corpo\"><span class=\"ifn_post_add_feature_image_to_the_top\"><\/span><\/p>\n<p style=\"text-align: justify\">A Secretaria de Estado de Educa\u00e7\u00e3o de Mato Grosso (Seduc-MT) concluiu, nesta quarta-feira (25.09), na Fatec Senai, em Cuiab\u00e1, uma forma\u00e7\u00e3o para mais de 300 diretores e coordenadores pedag\u00f3gicos da Rede Estadual de Ensino. O objetivo foi orientar os profissionais sobre o Sistema de Avalia\u00e7\u00e3o Educacional de Mato Grosso (Avalia MT) e a articula\u00e7\u00e3o com o Sistema de Avalia\u00e7\u00e3o da Educa\u00e7\u00e3o B\u00e1sica \u2013 SAEB para o ano letivo de 2025. <\/p>\n<p style=\"text-align: justify\">A forma\u00e7\u00e3o de 20 horas foi conduzida por especialistas em avalia\u00e7\u00e3o educacional do Centro de Pol\u00edticas P\u00fablicas e Avalia\u00e7\u00e3o da Educa\u00e7\u00e3o da Universidade Federal de Juiz de Fora (Caed\/UFJF). Com experi\u00eancia na utiliza\u00e7\u00e3o dos dados do Sistema de Avalia\u00e7\u00e3o da Educa\u00e7\u00e3o B\u00e1sica (Saeb) e avalia\u00e7\u00f5es externas para a melhoria da qualidade educacional, os t\u00e9cnicos conduziram os tr\u00eas dias de treinamento com aulas te\u00f3ricas e pr\u00e1ticas, estudos de caso e discuss\u00f5es em grupo.<\/p>\n<p style=\"text-align: justify\">O secret\u00e1rio de Estado de Educa\u00e7\u00e3o, Alan Porto, considerou importante a atualiza\u00e7\u00e3o dos profissionais neste momento em que as escolas j\u00e1 se preparam para as avalia\u00e7\u00f5es finais. \u201cForma\u00e7\u00f5es como esta fazem parte da rotina da Seduc e das Diretorias Regionais de Educa\u00e7\u00e3o. Refor\u00e7amos a compreens\u00e3o sobre os sistemas de avalia\u00e7\u00e3o em n\u00edvel federal e estadual como recurso estrat\u00e9gico para subsidiar a organiza\u00e7\u00e3o no trabalho pedag\u00f3gico\u201d. <\/p>\n<div style=\"text-align:center\">\n<figure class=\"image\"><source><img fetchpriority=\"high\" decoding=\"async\" alt=\"\" height=\"532\" src=\"https:\/\/www.secom.mt.gov.br\/documents\/d\/seduc\/meio-materia-jpg?imageThumbnail=3\" style=\"margin: 0px\" width=\"710\">       <\/source><figcaption>        <em>Mais de 300 pessoas, entre professores, coordenadores e gestores escolar estiveram presente na forma\u00e7\u00e3o<\/em>       <\/figcaption><\/figure>\n<\/div>\n<p style=\"text-align: justify\">Na ocasi\u00e3o, a Seduc homenageou com entrega de placas de reconhecimento \u00e0s cinco Diretorias Regionais de Educa\u00e7\u00e3o (DREs) que alcan\u00e7aram os melhores resultados no SAEB 2023, s\u00e3o elas: DRE Alta Floresta (1\u00aa), DRE Sinop (2\u00aa), DRE Matup\u00e1 (3\u00aa), DRE Tangar\u00e1 da Serra (4\u00aa) e DRE Diamantino (5\u00aa).<\/p>\n<p style=\"text-align: justify\">Cinco escolas municipais de Alto Araguaia, Lucas do Rio Verde, Sorriso e Guarant\u00e3 do Norte, tamb\u00e9m foram homenageadas como as que melhor pontuaram no resultado do SAEB 2023.<\/p>\n<p id=\"infocoweb_fonte\" class=\"infocoweb_fonte\">Fonte: Governo MT \u2013 MT<\/p>\n<style>#infocoweb_cabecalho {\n        display: inline-block;\n        margin-top: -75px;\n        position: absolute;\n        right: 0;\n    }\n<\/style>\n<style><\/style>\n<\/div>\n<div id=\"infocoweb_rodape\" class=\"infocoweb_rodape\"><\/div>\n<\/div>\n<p>O post Seduc capacita diretores e coordenadores pedag\u00f3gicos para mais uma etapa de avalia\u00e7\u00e3o educacional apareceu primeiro em Portal MT.<\/p>\n<\/div>\n","protected":false},"excerpt":{"rendered":"<p>A Secretaria de Estado de Educa\u00e7\u00e3o de Mato Grosso (Seduc-MT) concluiu, nesta quarta-feira (25.09), na<\/p>\n","protected":false},"author":2,"featured_media":28142,"comment_status":"registered_only","ping_status":"closed","sticky":false,"template":"","format":"standard","meta":{"footnotes":""},"categories":[7],"tags":[],"aioseo_notices":[],"_links":{"self":[{"href":"https:\/\/portalnewsgta.com.br\/index.php\/wp-json\/wp\/v2\/posts\/28141"}],"collection":[{"href":"https:\/\/portalnewsgta.com.br\/index.php\/wp-json\/wp\/v2\/posts"}],"about":[{"href":"https:\/\/portalnewsgta.com.br\/index.php\/wp-json\/wp\/v2\/types\/post"}],"author":[{"embeddable":true,"href":"https:\/\/portalnewsgta.com.br\/index.php\/wp-json\/wp\/v2\/users\/2"}],"replies":[{"embeddable":true,"href":"https:\/\/portalnewsgta.com.br\/index.php\/wp-json\/wp\/v2\/comments?post=28141"}],"version-history":[{"count":0,"href":"https:\/\/portalnewsgta.com.br\/index.php\/wp-json\/wp\/v2\/posts\/28141\/revisions"}],"wp:featuredmedia":[{"embeddable":true,"href":"https:\/\/portalnewsgta.com.br\/index.php\/wp-json\/wp\/v2\/media\/28142"}],"wp:attachment":[{"href":"https:\/\/portalnewsgta.com.br\/index.php\/wp-json\/wp\/v2\/media?parent=28141"}],"wp:term":[{"taxonomy":"category","embeddable":true,"href":"https:\/\/portalnewsgta.com.br\/index.php\/wp-json\/wp\/v2\/categories?post=28141"},{"taxonomy":"post_tag","embeddable":true,"href":"https:\/\/portalnewsgta.com.br\/index.php\/wp-json\/wp\/v2\/tags?post=28141"}],"curies":[{"name":"wp","href":"https:\/\/api.w.org\/{rel}","templated":true}]}}