{"id":28137,"date":"2024-09-26T11:42:57","date_gmt":"2024-09-26T14:42:57","guid":{"rendered":"https:\/\/portalnewsgta.com.br\/index.php\/2024\/09\/26\/quem-e-maju-de-araujo-modelo-com-sindrome-de-down-que-brilha-na-semana-de-moda-de-paris\/"},"modified":"2024-09-26T11:42:57","modified_gmt":"2024-09-26T14:42:57","slug":"quem-e-maju-de-araujo-modelo-com-sindrome-de-down-que-brilha-na-semana-de-moda-de-paris","status":"publish","type":"post","link":"https:\/\/portalnewsgta.com.br\/index.php\/2024\/09\/26\/quem-e-maju-de-araujo-modelo-com-sindrome-de-down-que-brilha-na-semana-de-moda-de-paris\/","title":{"rendered":"Quem \u00e9 Maju de Ara\u00fajo, modelo com s\u00edndrome de Down que brilha na Semana de Moda de Paris"},"content":{"rendered":"<p>(FOLHAPRESS) &#8211; As principais cidades da Europa concentram, nesta e nas pr\u00f3ximas semanas, as maiores modelos profissionais, atrizes e influenciadoras para as Semanas de Moda. a carioca Maju de Ara\u00fajo, 22, \u00e9 uma delas.<\/p>\n<div class=\"dummyPub\">\u00a0<\/div>\n<p>Ela participou de desfiles em Paris e Mil\u00e3o nos \u00faltimos dias. Esteve tamb\u00e9m na passarela da L&#8217;Oreal, marca da qual \u00e9 embaixadora, ao lado de nomes como Anitta, Ta\u00eds Araujo, Larissa Manoela, Kendall Jenner e Cara Delevingne. Entre tantas atrizes e cantoras, Maju se destaca por ser a \u00fanica modelo com s\u00edndrome de Down a participar desses eventos fashion, que est\u00e3o entre os mais importantes do mundo.<\/p>\n<p>Nas suas redes sociais, \u00e9 poss\u00edvel acompanhar a agenda de fittings, desfiles, eventos e encontros com celebridades. Na sequ\u00eancia dos compromissos em Paris e Mil\u00e3o, ela segue em um tour pela Europa, premiando pessoas com defici\u00eancia que, assim como ela, se destacam publicamente em cada pa\u00eds.<\/p>\n<p>Em conversa com a reportagem, a modelo e sua m\u00e3e e empres\u00e1ria, Adriana Ara\u00fajo, contaram sobre como a entrada no mundo da moda, motivada pelo sonho da filha, mudou suas vidas e envolveu toda a fam\u00edlia na carreira dela, cada vez mais internacional.<\/p>\n<p>Maju se descreve como &#8220;guerreira, bonita e inteligente&#8221;, com a confian\u00e7a brilhando nos olhos. De donas de buf\u00ea de festas a donas de ag\u00eancia de talentos, elas agora viajam o mundo buscando novos nomes representativos.<\/p>\n<p>A carreira de Maju come\u00e7ou em 2018, quando foi descoberta pelo Grupo MGT, respons\u00e1vel pelo Projeto Passarela, o mesmo que revelou Larissa Manoela. Eles reconheceram de cara o talento dela para a moda. Antes disso, por\u00e9m, a m\u00e3e e as irm\u00e3s, Ana e Larissa, j\u00e1 percebiam sua veia art\u00edstica.<\/p>\n<p>&#8220;Maju sempre manifestou o desejo de ser modelo, e Adriana foi a primeira pessoa que entendeu o espa\u00e7o que ela poderia conquistar. N\u00f3s tamb\u00e9m come\u00e7amos a perceber o potencial dela e a escut\u00e1-la. Eu tive a ideia de profissionaliz\u00e1-la, ent\u00e3o criei o Instagram e a Larissa ficou respons\u00e1vel pela execu\u00e7\u00e3o&#8221;, contou Ana, que tamb\u00e9m participou da entrevista.<\/p>\n<p>A partir das redes sociais, a jovem come\u00e7ou a conseguir trabalhos, fez um curso de profissionaliza\u00e7\u00e3o, obteve a licen\u00e7a e come\u00e7ou a atuar como modelo. No entanto, o caminho n\u00e3o foi f\u00e1cil, j\u00e1 que a m\u00e3e precisou lutar para matricular a filha em uma escola que forma novos talentos para a moda, e as ag\u00eancias frequentemente a recusavam.<\/p>\n<p>Uma vez que as portas se abriram, ela desfilou em v\u00e1rios eventos no Brasil, alcan\u00e7ando at\u00e9 um recorde mundial como a modelo com mais desfiles em uma \u00fanica edi\u00e7\u00e3o de uma Fashion Week, com mais de quarenta desfiles na terceira edi\u00e7\u00e3o da Osasco Fashion Week, em 2020.<\/p>\n<p>&#8220;Maju \u00e9 muito resiliente. J\u00e1 houve semanas de moda em que a gente pensava: &#8216;Meu Deus, ser\u00e1 que voc\u00ea vai dar conta?&#8217;. Eram muitas marcas para desfilar. Mas ela sempre dizia que queria fazer todos os desfiles. Foi incr\u00edvel ela ter sido premiada por isso, porque foi uma escolha dela&#8221;, contou Adriana.<\/p>\n<p>Nesta viagem para a Europa, a fam\u00edlia busca estreitar seus la\u00e7os com marcas, para expandir ainda mais a carreira de Maju. Al\u00e9m do lado profissional, a m\u00e3e compartilha que ela tamb\u00e9m tem seus pr\u00f3prios sonhos e ambi\u00e7\u00f5es: &#8220;Ela j\u00e1 namora, n\u00e9? (olhando e sorrindo para a filha) E quer casar&#8221;.<\/p>\n<p>O preconceito contra pessoas com defici\u00eancia intelectual \u00e9 uma realidade da qual Maju n\u00e3o escapa. Nas redes sociais, Adriana desabafou sobre os coment\u00e1rios de ass\u00e9dio que sua filha enfrenta.<\/p>\n<p>&#8220;Com muito esfor\u00e7o conseguimos ocupar espa\u00e7os, mas n\u00e3o importa qu\u00e3o longe cheguemos; sempre haver\u00e1 \u00f3dio e maldade de outras pessoas. Isso n\u00e3o se limita \u00e0 internet e esses n\u00e3o s\u00e3o perfis falsos. Essa \u00e9 a nossa realidade, e essas s\u00e3o pessoas reais, com inten\u00e7\u00f5es reais&#8221;, escreveu ela no Instagram.<\/p>\n<p>Esse apelo resultou no Projeto de Lei Maju de Ara\u00fajo, proposto pelo deputado Fred Pacheco, do Rio de Janeiro. O objetivo \u00e9 tornar obrigat\u00f3ria a cria\u00e7\u00e3o de estrat\u00e9gias para um ambiente online mais seguro e inclusivo, combatendo o ass\u00e9dio virtual e o cyberbullying direcionado \u00e0s pessoas com defici\u00eancia. O projeto est\u00e1 atualmente em an\u00e1lise na C\u00e2mara Municipal.<\/p>\n<p>&#8220;N\u00f3s somos ativistas, n\u00e3o \u00e9? Toda a equipe da Maju. Nosso prop\u00f3sito de vida \u00e9 trabalhar pela inclus\u00e3o e abrir portas&#8221;, afirma Adriana.<\/p>\n<p>Leia Tamb\u00e9m: <a href=\"https:\/\/www.noticiasaominuto.com.br\/fama\/2205360\/deolane-pede-ajuda-nas-redes-sociais-a-mae-ta-dura\" target=\"_blank\" rel=\"noopener\">Deolane pede ajuda nas redes sociais: &#8220;A m\u00e3e t\u00e1 dura&#8221;<\/a><\/p>\n<p>Fonte: noticiasaominuto.com.br<\/p>\n","protected":false},"excerpt":{"rendered":"<p>(FOLHAPRESS) &#8211; As principais cidades da Europa concentram, nesta e nas pr\u00f3ximas semanas, as maiores<\/p>\n","protected":false},"author":0,"featured_media":28138,"comment_status":"open","ping_status":"open","sticky":false,"template":"","format":"standard","meta":{"footnotes":""},"categories":[6],"tags":[],"aioseo_notices":[],"_links":{"self":[{"href":"https:\/\/portalnewsgta.com.br\/index.php\/wp-json\/wp\/v2\/posts\/28137"}],"collection":[{"href":"https:\/\/portalnewsgta.com.br\/index.php\/wp-json\/wp\/v2\/posts"}],"about":[{"href":"https:\/\/portalnewsgta.com.br\/index.php\/wp-json\/wp\/v2\/types\/post"}],"replies":[{"embeddable":true,"href":"https:\/\/portalnewsgta.com.br\/index.php\/wp-json\/wp\/v2\/comments?post=28137"}],"version-history":[{"count":0,"href":"https:\/\/portalnewsgta.com.br\/index.php\/wp-json\/wp\/v2\/posts\/28137\/revisions"}],"wp:featuredmedia":[{"embeddable":true,"href":"https:\/\/portalnewsgta.com.br\/index.php\/wp-json\/wp\/v2\/media\/28138"}],"wp:attachment":[{"href":"https:\/\/portalnewsgta.com.br\/index.php\/wp-json\/wp\/v2\/media?parent=28137"}],"wp:term":[{"taxonomy":"category","embeddable":true,"href":"https:\/\/portalnewsgta.com.br\/index.php\/wp-json\/wp\/v2\/categories?post=28137"},{"taxonomy":"post_tag","embeddable":true,"href":"https:\/\/portalnewsgta.com.br\/index.php\/wp-json\/wp\/v2\/tags?post=28137"}],"curies":[{"name":"wp","href":"https:\/\/api.w.org\/{rel}","templated":true}]}}