{"id":28109,"date":"2024-09-26T01:02:19","date_gmt":"2024-09-26T04:02:19","guid":{"rendered":"https:\/\/portalnewsgta.com.br\/index.php\/2024\/09\/26\/governador-manda-projeto-para-proibir-uso-de-celular-em-sala-de-aula-pelos-alunos\/"},"modified":"2024-09-26T01:02:19","modified_gmt":"2024-09-26T04:02:19","slug":"governador-manda-projeto-para-proibir-uso-de-celular-em-sala-de-aula-pelos-alunos","status":"publish","type":"post","link":"https:\/\/portalnewsgta.com.br\/index.php\/2024\/09\/26\/governador-manda-projeto-para-proibir-uso-de-celular-em-sala-de-aula-pelos-alunos\/","title":{"rendered":"Governador manda projeto para proibir uso de celular em sala de aula pelos alunos"},"content":{"rendered":"<div>\n<div id=\"infocoweb\" data-uuid=\"505ba418-7407-408b-a755-8fdcb9317c0e\" class=\"infocoweb infocoweb_canal_61\">\n<div id=\"infocoweb_cabecalho\" class=\"infocoweb_cabecalho\"><\/div>\n<div id=\"infocoweb_corpo\" class=\"infocoweb_corpo\"><span class=\"ifn_post_add_feature_image_to_the_top\"><\/span><\/p>\n<p>O governador Mauro Mendes encaminhou, nesta segunda-feira (25.09), um projeto de lei que visa proibir o uso de celulares pelos estudantes nas salas de aula da rede estadual.  <\/p>\n<p> O projeto ser\u00e1 avaliado pela Assembleia Legislativa e, se aprovado, segue para a san\u00e7\u00e3o do governador.<\/p>\n<p>Segundo o governador, a medida \u00e9 importante para alavancar o  desenvolvimento da aprendizagem dos estudantes.<\/p>\n<p> \u201cN\u00f3s estamos trabalhando para melhorar a qualidade da educa\u00e7\u00e3o em Mato Grosso, e essa medida \u00e9 mais um passo importante nesse sentido. Sempre pensando no aprendizado do aluno e no seu desempenho em sala de aula\u201d, afirmou o governador. <\/p>\n<p> O governador relatou qur uma pesquisa contratada pela Secretaria de Estado de Educa\u00e7\u00e3o (Seduc) revelou apoio majorit\u00e1rio dos pais \u00e0 medida.<\/p>\n<p> \u201cAp\u00f3s uma pesquisa com mais de 1 mil pais de alunos da rede p\u00fablica, 86% deles se mostraram favor\u00e1veis \u00e0 proibi\u00e7\u00e3o. N\u00f3s acreditamos que o uso de celulares em sala de aula tem tirado a aten\u00e7\u00e3o dos alunos e prejudicado o desempenho deles, e essa medida visa garantir um ambiente mais prop\u00edcio ao aprendizado\u201d, destacou. <\/p>\n<p> Mauro Mendes explicou que a iniciativa se inspira em outros estados brasileiros que j\u00e1 trilham o mesmo caminho.<\/p>\n<p> \u201cTemos convic\u00e7\u00e3o de que a aprova\u00e7\u00e3o do projeto trar\u00e1 resultados positivos para a educa\u00e7\u00e3o em Mato Grosso, que j\u00e1 deu um salto significativo nos \u00faltimos anos, saindo da 22\u00aa para a 8\u00aa posi\u00e7\u00e3o no ranking nacional do IDEB\u201d, afirmou o governador. <\/p>\n<p> O secret\u00e1rio de Estado de Educa\u00e7\u00e3o, Alan Porto, disse que a medida \u00e9 mais uma a\u00e7\u00e3o para evoluir o ensino no estado. <\/p>\n<p> \u201cEstamos muito felizes em dar mais um passo importante para a educa\u00e7\u00e3o em Mato Grosso, o apoio dos pais a medida refor\u00e7a a necessidade de criarmos um ambiente de aprendizagem mais focado e produtivo para os nossos alunos\u201d, ressaltou o secret\u00e1rio. <\/p>\n<p> Alan lembrou que os estudantes da rede estadual possuem os equipamentos mais avan\u00e7ados para contribuir com os estudos em sala. <\/p>\n<p> \u201cO Governo do Estado investiu em mais de 180 mil Chromebooks para as escolas, ferramentas modernas que podem ser usadas para complementar o aprendizado. No entanto, o uso de celulares em sala de aula \u00e9 um grande distrator, impedindo a concentra\u00e7\u00e3o dos alunos. Acreditamos que a tecnologia deve ser utilizada de forma planejada e respons\u00e1vel para aprimorar a educa\u00e7\u00e3o, e n\u00e3o como uma distra\u00e7\u00e3o\u201d, concluiu. <\/p>\n<p> Tamb\u00e9m participaram da reuni\u00e3o que resultou no projeto de lei: o vice-governador Otaviano Pivetta, o secret\u00e1rio-chefe da Casa Civil, Fabio Garcia, e a secret\u00e1ria adjunta de Gest\u00e3o Regional da Seduc, Mozara Spencer.<!--\/data\/user\/0\/com.samsung.android.app.notes\/files\/clipdata\/clipdata_bodytext_240925_221302_299.sdocx--><\/p>\n<p id=\"infocoweb_fonte\" class=\"infocoweb_fonte\">Fonte: Governo MT \u2013 MT<\/p>\n<style>#infocoweb_cabecalho {\n        display: inline-block;\n        margin-top: -75px;\n        position: absolute;\n        right: 0;\n    }\n<\/style>\n<style><\/style>\n<\/div>\n<div id=\"infocoweb_rodape\" class=\"infocoweb_rodape\"><\/div>\n<\/div>\n<p>O post Governador manda projeto para proibir uso de celular em sala de aula pelos alunos apareceu primeiro em Portal MT.<\/p>\n<\/div>\n","protected":false},"excerpt":{"rendered":"<p>O governador Mauro Mendes encaminhou, nesta segunda-feira (25.09), um projeto de lei que visa proibir<\/p>\n","protected":false},"author":2,"featured_media":28110,"comment_status":"registered_only","ping_status":"closed","sticky":false,"template":"","format":"standard","meta":{"footnotes":""},"categories":[7],"tags":[],"aioseo_notices":[],"_links":{"self":[{"href":"https:\/\/portalnewsgta.com.br\/index.php\/wp-json\/wp\/v2\/posts\/28109"}],"collection":[{"href":"https:\/\/portalnewsgta.com.br\/index.php\/wp-json\/wp\/v2\/posts"}],"about":[{"href":"https:\/\/portalnewsgta.com.br\/index.php\/wp-json\/wp\/v2\/types\/post"}],"author":[{"embeddable":true,"href":"https:\/\/portalnewsgta.com.br\/index.php\/wp-json\/wp\/v2\/users\/2"}],"replies":[{"embeddable":true,"href":"https:\/\/portalnewsgta.com.br\/index.php\/wp-json\/wp\/v2\/comments?post=28109"}],"version-history":[{"count":0,"href":"https:\/\/portalnewsgta.com.br\/index.php\/wp-json\/wp\/v2\/posts\/28109\/revisions"}],"wp:featuredmedia":[{"embeddable":true,"href":"https:\/\/portalnewsgta.com.br\/index.php\/wp-json\/wp\/v2\/media\/28110"}],"wp:attachment":[{"href":"https:\/\/portalnewsgta.com.br\/index.php\/wp-json\/wp\/v2\/media?parent=28109"}],"wp:term":[{"taxonomy":"category","embeddable":true,"href":"https:\/\/portalnewsgta.com.br\/index.php\/wp-json\/wp\/v2\/categories?post=28109"},{"taxonomy":"post_tag","embeddable":true,"href":"https:\/\/portalnewsgta.com.br\/index.php\/wp-json\/wp\/v2\/tags?post=28109"}],"curies":[{"name":"wp","href":"https:\/\/api.w.org\/{rel}","templated":true}]}}