{"id":27158,"date":"2024-09-17T17:01:27","date_gmt":"2024-09-17T20:01:27","guid":{"rendered":"https:\/\/portalnewsgta.com.br\/index.php\/2024\/09\/17\/politec-inicia-atividades-de-19a-unidade-em-lucas-do-rio-verde\/"},"modified":"2024-09-17T17:01:27","modified_gmt":"2024-09-17T20:01:27","slug":"politec-inicia-atividades-de-19a-unidade-em-lucas-do-rio-verde","status":"publish","type":"post","link":"https:\/\/portalnewsgta.com.br\/index.php\/2024\/09\/17\/politec-inicia-atividades-de-19a-unidade-em-lucas-do-rio-verde\/","title":{"rendered":"Politec inicia atividades de 19\u00aa unidade em Lucas do Rio Verde"},"content":{"rendered":"<div>\n<div id=\"infocoweb\" data-uuid=\"b21495fe-16e7-472c-ab14-d91e8382ec34\" class=\"infocoweb infocoweb_canal_61\">\n<div id=\"infocoweb_cabecalho\" class=\"infocoweb_cabecalho\"><\/div>\n<div id=\"infocoweb_corpo\" class=\"infocoweb_corpo\"><span class=\"ifn_post_add_feature_image_to_the_top\"><\/span><\/p>\n<p style=\"text-align: justify\">A Per\u00edcia Oficial e Identifica\u00e7\u00e3o T\u00e9cnica (Politec) deu in\u00edcio, nesta segunda-feira (16.09), \u00e0s atividades de sua 19\u00aa unidade do Estado no munic\u00edpio de Lucas do Rio Verde (a 332 km de Cuiab\u00e1).<\/p>\n<p style=\"text-align: justify\">Servidores da 19\u00aa unidade da Politec e das regionais adjacentes, al\u00e9m de representantes das for\u00e7as de seguran\u00e7a p\u00fablica, participaram de uma reuni\u00e3o sobre o in\u00edcio das atividades. Participaram Pol\u00edcia Militar, Pol\u00edcia Civil, Corpo de Bombeiros Militar e Sistema Penitenci\u00e1rio.<\/p>\n<p style=\"text-align:center\"><source><img decoding=\"async\" alt=\"\" height=\"267\" src=\"https:\/\/www.secom.mt.gov.br\/documents\/d\/politec\/0s5a5453-jpg?imageThumbnail=3\">      <\/source><\/p>\n<p style=\"text-align: justify\"> O pr\u00e9dio foi cedido \u00e0 Politec por meio de termo de coopera\u00e7\u00e3o com a Prefeitura de Lucas do Rio Verde. A unidade conta com 260 m\u00b2 de \u00e1rea constru\u00edda e fica localizado na Rua Paranapanema, n\u00ba 1818, bairro Jardim das Palmeiras.<\/p>\n<p style=\"text-align: justify\">A instala\u00e7\u00e3o da nova unidade ir\u00e1 diminuir o tempo de atendimento da Politec, principalmente em acidentes graves, onde as equipes precisavam de deslocar dos munic\u00edpios vizinhos para a realiza\u00e7\u00e3o das per\u00edcias.<\/p>\n<p style=\"text-align: justify\">A 19\u00aa unidade tamb\u00e9m ser\u00e1 respons\u00e1vel pelos atendimentos de Medicina Legal, Criminal\u00edstica e Identifica\u00e7\u00e3o T\u00e9cnica nos munic\u00edpios de Itanhang\u00e1 e Tapurah, que contar\u00e3o com a for\u00e7a de trabalho de 15 servidores, sendo peritos oficiais criminais, peritos oficiais m\u00e9dico legistas, papiloscopistas e t\u00e9cnicos em necropsia.<\/p>\n<p style=\"text-align: justify\">Os gestores tamb\u00e9m visitaram as sedes do Poder Judici\u00e1rio e do Minist\u00e9rio P\u00fablico locais, que s\u00e3o os \u00f3rg\u00e3os demandantes dos servi\u00e7os da institui\u00e7\u00e3o. Eles se reuniram com o juiz Conrado Machado Sim\u00e3o, da 1\u00aa Vara Criminal de Lucas do Rio Verde, e com o promotor de justi\u00e7a Saulo Pires de Andrade Martins, onde foram apresentadas a carta de servi\u00e7os que ser\u00e3o prestados pela institui\u00e7\u00e3o.<\/p>\n<p style=\"text-align:center\"><source><img decoding=\"async\" alt=\"\" height=\"267\" src=\"https:\/\/www.secom.mt.gov.br\/documents\/d\/politec\/0s5a5399-1-jpg?imageThumbnail=3\">      <\/source><\/p>\n<p style=\"text-align: justify\"> O Diretor-Geral Adjunto da Politec, Renato Barbosa Guanaes Sim\u00f5es, destacou a import\u00e2ncia da unidade da Politec para o munic\u00edpio de Lucas do Rio Verde<\/p>\n<p style=\"text-align: justify\">\u201cT\u00ednhamos como meta a redu\u00e7\u00e3o do tempo de atendimento n\u00e3o s\u00f3 das ocorr\u00eancias com mortes, mas tamb\u00e9m dos vivos, especialmente nos casos de mulheres v\u00edtimas de viol\u00eancia sexual, que antes precisavam deslocar 200 km para a realiza\u00e7\u00e3o do exame pericial. Costumamos falar que a Politec atua sobre tr\u00eas aspectos mais importantes do ser humano, que \u00e9 o seu patrim\u00f4nio, a sua liberdade e sua vida\u201d, disse.<\/p>\n<p style=\"text-align:center\"><source><img decoding=\"async\" alt=\"\" height=\"267\" src=\"https:\/\/www.secom.mt.gov.br\/documents\/d\/politec\/0s5a5438-jpg?imageThumbnail=3\">      <\/source><\/p>\n<p style=\"text-align: justify\"> O perito oficial criminal Eduardo Basso Carlin, respons\u00e1vel pela gest\u00e3o da 19\u00aa unidade, apontou que a presen\u00e7a da Politec, aliada a atua\u00e7\u00e3o das demais institui\u00e7\u00f5es da seguran\u00e7a p\u00fablica, ir\u00e1 contribuir para reduzir a criminalidade na regi\u00e3o e colaborar para que a Justi\u00e7a seja mais r\u00e1pida, eficiente e precisa.<\/p>\n<p style=\"text-align: justify\">\u201cOs atendimentos de per\u00edcias de local de crime na regi\u00e3o de Lucas do Rio Verde ser\u00e3o mais r\u00e1pidos, tanto no deslocamento para os locais, como no tempo de entrega dos laudos, aumentando a efici\u00eancia dos servi\u00e7os e a percep\u00e7\u00e3o da Justi\u00e7a pela sociedade. A libera\u00e7\u00e3o dos corpos nos casos de \u00f3bito se tornar\u00e1 mais acess\u00edvel aos familiares, evitando transtornos e complica\u00e7\u00f5es em um momento t\u00e3o delicado e de fragilidade emocional pela perda de uma pessoa querida\u201d, afirmou.<\/p>\n<p id=\"infocoweb_fonte\" class=\"infocoweb_fonte\">Fonte: Governo MT \u2013 MT<\/p>\n<style>#infocoweb_cabecalho {\n        display: inline-block;\n        margin-top: -75px;\n        position: absolute;\n        right: 0;\n    }\n<\/style>\n<style><\/style>\n<\/div>\n<div id=\"infocoweb_rodape\" class=\"infocoweb_rodape\"><\/div>\n<\/div>\n<p>O post Politec inicia atividades de 19\u00aa unidade em Lucas do Rio Verde apareceu primeiro em Portal MT.<\/p>\n<\/div>\n","protected":false},"excerpt":{"rendered":"<p>A Per\u00edcia Oficial e Identifica\u00e7\u00e3o T\u00e9cnica (Politec) deu in\u00edcio, nesta segunda-feira (16.09), \u00e0s atividades de<\/p>\n","protected":false},"author":2,"featured_media":27159,"comment_status":"registered_only","ping_status":"closed","sticky":false,"template":"","format":"standard","meta":{"footnotes":""},"categories":[7],"tags":[],"aioseo_notices":[],"_links":{"self":[{"href":"https:\/\/portalnewsgta.com.br\/index.php\/wp-json\/wp\/v2\/posts\/27158"}],"collection":[{"href":"https:\/\/portalnewsgta.com.br\/index.php\/wp-json\/wp\/v2\/posts"}],"about":[{"href":"https:\/\/portalnewsgta.com.br\/index.php\/wp-json\/wp\/v2\/types\/post"}],"author":[{"embeddable":true,"href":"https:\/\/portalnewsgta.com.br\/index.php\/wp-json\/wp\/v2\/users\/2"}],"replies":[{"embeddable":true,"href":"https:\/\/portalnewsgta.com.br\/index.php\/wp-json\/wp\/v2\/comments?post=27158"}],"version-history":[{"count":0,"href":"https:\/\/portalnewsgta.com.br\/index.php\/wp-json\/wp\/v2\/posts\/27158\/revisions"}],"wp:featuredmedia":[{"embeddable":true,"href":"https:\/\/portalnewsgta.com.br\/index.php\/wp-json\/wp\/v2\/media\/27159"}],"wp:attachment":[{"href":"https:\/\/portalnewsgta.com.br\/index.php\/wp-json\/wp\/v2\/media?parent=27158"}],"wp:term":[{"taxonomy":"category","embeddable":true,"href":"https:\/\/portalnewsgta.com.br\/index.php\/wp-json\/wp\/v2\/categories?post=27158"},{"taxonomy":"post_tag","embeddable":true,"href":"https:\/\/portalnewsgta.com.br\/index.php\/wp-json\/wp\/v2\/tags?post=27158"}],"curies":[{"name":"wp","href":"https:\/\/api.w.org\/{rel}","templated":true}]}}