{"id":27116,"date":"2024-09-17T12:04:23","date_gmt":"2024-09-17T15:04:23","guid":{"rendered":"https:\/\/portalnewsgta.com.br\/index.php\/2024\/09\/17\/governo-de-mt-convoca-mais-beneficiados-do-programa-ser-familia-cnh-social-e-inicia-chamamento-dos-faltosos\/"},"modified":"2024-09-17T12:04:23","modified_gmt":"2024-09-17T15:04:23","slug":"governo-de-mt-convoca-mais-beneficiados-do-programa-ser-familia-cnh-social-e-inicia-chamamento-dos-faltosos","status":"publish","type":"post","link":"https:\/\/portalnewsgta.com.br\/index.php\/2024\/09\/17\/governo-de-mt-convoca-mais-beneficiados-do-programa-ser-familia-cnh-social-e-inicia-chamamento-dos-faltosos\/","title":{"rendered":"Governo de MT convoca mais beneficiados do programa SER Fam\u00edlia CNH Social e inicia chamamento dos faltosos"},"content":{"rendered":"<div>\n<div id=\"infocoweb\" data-uuid=\"3ee9ffca-0d84-4961-9fe6-48b13df22b38\" class=\"infocoweb infocoweb_canal_61\">\n<div id=\"infocoweb_cabecalho\" class=\"infocoweb_cabecalho\"><\/div>\n<div id=\"infocoweb_corpo\" class=\"infocoweb_corpo\"><span class=\"ifn_post_add_feature_image_to_the_top\"><\/span><\/p>\n<p style=\"text-align: justify\">O Governo de Mato Grosso publicou, nesta ter\u00e7a-feira (17.09), no Di\u00e1rio Oficial do Estado, a convoca\u00e7\u00e3o para abertura dos processos da primeira habilita\u00e7\u00e3o gratuita pelo Programa SER Fam\u00edlia CNH Social, idealizado pela primeira-dama do Estado, Virginia Mendes.<\/p>\n<p style=\"text-align: justify\">\u201cParab\u00e9ns a todas as pessoas que, a partir de hoje, conquistam a oportunidade de adquirir sua habilita\u00e7\u00e3o e iniciar um novo ciclo em suas vidas\u201d, parabenizou a primeira-dama.<\/p>\n<p style=\"text-align: justify\">Nesta etapa, ser\u00e3o convocadas 893 pessoas selecionadas pelo programa, que devem comparecer em uma unidade do Departamento Estadual de Tr\u00e2nsito de Mato Grosso (Detran-MT), munidas com documento oficial com foto e CPF nos dias estipulados no edital, para iniciar o processo de obten\u00e7\u00e3o da Carteira Nacional de Habilita\u00e7\u00e3o (CNH). Ser\u00e3o realizadas a captura de imagem, coleta biom\u00e9trica e assinatura.<\/p>\n<p style=\"text-align: justify\">Tamb\u00e9m foram reconvocados 874 selecionados que j\u00e1 foram chamados anteriormente, mas n\u00e3o compareceram para a abertura do processo. \u00c9 importante lembrar que aqueles que n\u00e3o se apresentarem na data estipulada no edital perder\u00e3o o direito de obter a CNH de forma gratuita.<\/p>\n<p style=\"text-align: justify\">O programa SER Fam\u00edlia CNH Social vai fornecer a primeira Carteira Nacional de Habilita\u00e7\u00e3o gratuitamente para 10 mil pessoas de baixa renda. Com essa lista, 89% dos benefici\u00e1rios foram convocados, um total de 8.968 pessoas contempladas. Em todo o Estado, 278 benefici\u00e1rios j\u00e1 conclu\u00edram o processo de primeira habilita\u00e7\u00e3o e receberam suas Carteiras Nacionais de Habilita\u00e7\u00e3o.<\/p>\n<p style=\"text-align: justify\">Os atendimentos ser\u00e3o realizados sem necessidade de agendamento pr\u00e9vio, facilitando o acesso durante todo o dia, conforme as datas e hor\u00e1rios estabelecidos.<\/p>\n<p style=\"text-align: justify\">Os convocados devem comparecer aos seguintes locais de atendimento:<\/p>\n<ul>\n<li style=\"text-align: justify\">Em Cuiab\u00e1, o atendimento ser\u00e1 de segunda a sexta, das 8h \u00e0s 16h, de 23 a 27 de setembro de 2024, na sede do Detran-MT, localizada na Avenida Doutor H\u00e9lio Ribeiro, n\u00ba 1.000, Centro Pol\u00edtico Administrativo.<\/li>\n<li style=\"text-align: justify\">Em V\u00e1rzea Grande, ser\u00e1 de segunda a sexta, das 10h \u00e0s 18h, de 23 a 27 de setembro de 2024, no Centro Estadual de Cidadania do Shopping V\u00e1rzea Grande.<\/li>\n<li style=\"text-align: justify\">No interior do Estado, o atendimento ser\u00e1 de segunda a sexta, das 8h \u00e0s 16h, de 23 a 27 de setembro de 2024.<\/li>\n<\/ul>\n<p style=\"text-align: justify\">Confira aqui a lista dos convocados.<\/p>\n<p id=\"infocoweb_fonte\" class=\"infocoweb_fonte\">Fonte: Governo MT \u2013 MT<\/p>\n<style>#infocoweb_cabecalho {\n        display: inline-block;\n        margin-top: -75px;\n        position: absolute;\n        right: 0;\n    }\n<\/style>\n<style><\/style>\n<\/div>\n<div id=\"infocoweb_rodape\" class=\"infocoweb_rodape\"><\/div>\n<\/div>\n<p>O post Governo de MT convoca mais beneficiados do programa SER Fam\u00edlia CNH Social e inicia chamamento dos faltosos apareceu primeiro em Portal MT.<\/p>\n<\/div>\n","protected":false},"excerpt":{"rendered":"<p>O Governo de Mato Grosso publicou, nesta ter\u00e7a-feira (17.09), no Di\u00e1rio Oficial do Estado, a<\/p>\n","protected":false},"author":2,"featured_media":27117,"comment_status":"registered_only","ping_status":"closed","sticky":false,"template":"","format":"standard","meta":{"footnotes":""},"categories":[7],"tags":[],"aioseo_notices":[],"_links":{"self":[{"href":"https:\/\/portalnewsgta.com.br\/index.php\/wp-json\/wp\/v2\/posts\/27116"}],"collection":[{"href":"https:\/\/portalnewsgta.com.br\/index.php\/wp-json\/wp\/v2\/posts"}],"about":[{"href":"https:\/\/portalnewsgta.com.br\/index.php\/wp-json\/wp\/v2\/types\/post"}],"author":[{"embeddable":true,"href":"https:\/\/portalnewsgta.com.br\/index.php\/wp-json\/wp\/v2\/users\/2"}],"replies":[{"embeddable":true,"href":"https:\/\/portalnewsgta.com.br\/index.php\/wp-json\/wp\/v2\/comments?post=27116"}],"version-history":[{"count":0,"href":"https:\/\/portalnewsgta.com.br\/index.php\/wp-json\/wp\/v2\/posts\/27116\/revisions"}],"wp:featuredmedia":[{"embeddable":true,"href":"https:\/\/portalnewsgta.com.br\/index.php\/wp-json\/wp\/v2\/media\/27117"}],"wp:attachment":[{"href":"https:\/\/portalnewsgta.com.br\/index.php\/wp-json\/wp\/v2\/media?parent=27116"}],"wp:term":[{"taxonomy":"category","embeddable":true,"href":"https:\/\/portalnewsgta.com.br\/index.php\/wp-json\/wp\/v2\/categories?post=27116"},{"taxonomy":"post_tag","embeddable":true,"href":"https:\/\/portalnewsgta.com.br\/index.php\/wp-json\/wp\/v2\/tags?post=27116"}],"curies":[{"name":"wp","href":"https:\/\/api.w.org\/{rel}","templated":true}]}}