{"id":26460,"date":"2024-09-11T08:16:49","date_gmt":"2024-09-11T11:16:49","guid":{"rendered":"https:\/\/portalnewsgta.com.br\/?p=26460"},"modified":"2024-09-11T08:16:49","modified_gmt":"2024-09-11T11:16:49","slug":"dino-manda-governo-lula-convocar-bombeiros-imediatamente","status":"publish","type":"post","link":"https:\/\/portalnewsgta.com.br\/index.php\/2024\/09\/11\/dino-manda-governo-lula-convocar-bombeiros-imediatamente\/","title":{"rendered":"Dino manda Governo Lula convocar bombeiros imediatamente"},"content":{"rendered":"<section class=\"FullLine\">\n<div class=\"conteudo\">\n<h1>Dino manda Governo Lula convocar bombeiros imediatamente<\/h1>\n<h3>A decis\u00e3o foi tomada ap\u00f3s audi\u00eancia de concilia\u00e7\u00e3o, realizada nesta ter\u00e7a-feira (10) no Supremo<\/h3>\n<\/div>\n<\/section>\n<section>\n<div class=\"FullLine\">\n<div class=\"conteudo_foto\">\n<div class=\"imgcontent\">\n<p class=\"credito_foto\">STF<\/p>\n<p><a href=\"https:\/\/www.midianews.com.br\/\/storage\/webdisco\/2024\/04\/02\/886x590\/388afb032bb341c1b749147130f9da74.jpg\" rel=\"lightbox\" data-title=\"O ministro Fl\u00e1vio Dino, do Supremo Tribunal Federal\"><img loading=\"lazy\" decoding=\"async\" id=\"img_conteudo\" class=\"img-responsive\" src=\"https:\/\/www.midianews.com.br\/\/storage\/webdisco\/2024\/04\/02\/438x291\/388afb032bb341c1b749147130f9da74.jpg\" alt=\"O ministro Fl\u00e1vio Dino, do Supremo Tribunal Federal\" width=\"438\" height=\"292\" border=\"0\" \/><\/a><\/p>\n<p class=\"descricao_foto\">O ministro Fl\u00e1vio Dino, do Supremo Tribunal Federal<\/p>\n<\/div>\n<\/div>\n<div class=\"Font14Bold\">DA FOLHAPRESS<\/div>\n<div id=\"texto\" class=\"texto\">\n<p>O ministro Fl\u00e1vio Dino, do STF (Supremo Tribunal Federal), determinou ao governo do presidente Luiz In\u00e1cio Lula da Silva (PT) a convoca\u00e7\u00e3o imediata de mais bombeiros para a For\u00e7a Nacional para auxiliar no combate aos inc\u00eandios que assolam o pa\u00eds. O n\u00famero de agentes deve ser definido pelo Minist\u00e9rio da Justi\u00e7a.<\/p>\n<p>&nbsp;<\/p>\n<div class=\"quote-wrapper right\">\n<div class=\"quote-img-wrapper right\"><img decoding=\"async\" class=\"quote-img right\" src=\"https:\/\/www.midianews.com.br\/images\/aspas_right.gif\" \/><\/div>\n<h2 class=\"quote-content\">Doravante, fica fixada a obriga\u00e7\u00e3o da Uni\u00e3o de manter efetivo e integral combate \u00e0s frentes de fogo<\/h2>\n<\/div>\n<p>A decis\u00e3o foi tomada ap\u00f3s audi\u00eancia de concilia\u00e7\u00e3o, realizada nesta ter\u00e7a-feira (10) no Supremo, no \u00e2mbito de processo que discute as a\u00e7\u00f5es do Executivo contra as queimadas no pantanal e na amaz\u00f4nia. A ordem deve ser cumprida em at\u00e9 5 dias.<\/p>\n<p>&nbsp;<\/p>\n<p>&#8220;Doravante, fica fixada a obriga\u00e7\u00e3o da Uni\u00e3o de manter efetivo e integral combate \u00e0s frentes de fogo, imediatamente ap\u00f3s a sua identifica\u00e7\u00e3o&#8221;, disse Dino.<\/p>\n<p>&nbsp;<\/p>\n<p>De acordo com a determina\u00e7\u00e3o, a pasta comandada por Ricardo Lewandowski deve definir a quantidade de bombeiros e informar ao Supremo, levando em conta a informa\u00e7\u00e3o dada na audi\u00eancia pelo secret\u00e1rio Executivo do Minist\u00e9rio do Meio Ambiente, Jo\u00e3o Ribeiro Capobianco, no sentido de que nem todas as frentes de fogo est\u00e3o sendo combatidas neste momento.<\/p>\n<div id=\"taboola-mid-article-thumbnails\" class=\"trc_related_container trc_spotlight_widget tbl-trecs-container trc_elastic trc_elastic_alternating-thumbnails-a-mid-article\" data-placement-name=\"Mid Article Thumbnails\">\n<div class=\"trc_rbox_container\">\n<div>\n<div id=\"trc_wrapper_9620815369\" class=\"trc_rbox alternating-thumbnails-a-mid-article trc-content-hybrid\">\n<div id=\"trc_header_9620815369\" class=\"trc_rbox_header trc_rbox_border_elm\">\n<div class=\"trc_header_ext\"><\/div>\n<\/div>\n<\/div>\n<\/div>\n<\/div>\n<\/div>\n<p>&nbsp;<\/p>\n<p>Capobianco disse, na audi\u00eancia, que os inc\u00eandios no Pantanal s\u00e3o originados em sua totalidade por a\u00e7\u00e3o humana. Segundo ele, \u00e9 essencial discutir a responsabiliza\u00e7\u00e3o pelo uso do fogo para fins de produ\u00e7\u00e3o agr\u00e1ria.<\/p>\n<p>&nbsp;<\/p>\n<p>Dino determinou \u00e0s pol\u00edcias federal e civis, al\u00e9m da For\u00e7a Nacional, a realiza\u00e7\u00e3o de mutir\u00e3o para que sejam investigadas e combatidas as causas de inc\u00eandios por a\u00e7\u00e3o humana em 20 munic\u00edpios listados na audi\u00eancia pela AGU (Advocacia-Geral da Uni\u00e3o). Essas localidades respondem atualmente por cerca de 85% dos focos de inc\u00eandios de todo o pa\u00eds.<\/p>\n<p>&nbsp;<\/p>\n<p>O Minist\u00e9rio P\u00fablico e o Poder Judici\u00e1rio, segundo a decis\u00e3o do ministro, tamb\u00e9m devem participar do esfor\u00e7o.<\/p>\n<p>&nbsp;<\/p>\n<p>Estiveram no Supremo, para o encontro chamado pelo ministro, representantes da Uni\u00e3o, entidades da sociedade civil e os partidos autores das a\u00e7\u00f5es que est\u00e3o em discuss\u00e3o no STF.<\/p>\n<\/div>\n<\/div>\n<\/section>\n","protected":false},"excerpt":{"rendered":"<p>Dino manda Governo Lula convocar bombeiros imediatamente A decis\u00e3o foi tomada ap\u00f3s audi\u00eancia de concilia\u00e7\u00e3o,<\/p>\n","protected":false},"author":2,"featured_media":26461,"comment_status":"open","ping_status":"open","sticky":false,"template":"","format":"standard","meta":{"footnotes":""},"categories":[7,13],"tags":[226],"aioseo_notices":[],"_links":{"self":[{"href":"https:\/\/portalnewsgta.com.br\/index.php\/wp-json\/wp\/v2\/posts\/26460"}],"collection":[{"href":"https:\/\/portalnewsgta.com.br\/index.php\/wp-json\/wp\/v2\/posts"}],"about":[{"href":"https:\/\/portalnewsgta.com.br\/index.php\/wp-json\/wp\/v2\/types\/post"}],"author":[{"embeddable":true,"href":"https:\/\/portalnewsgta.com.br\/index.php\/wp-json\/wp\/v2\/users\/2"}],"replies":[{"embeddable":true,"href":"https:\/\/portalnewsgta.com.br\/index.php\/wp-json\/wp\/v2\/comments?post=26460"}],"version-history":[{"count":1,"href":"https:\/\/portalnewsgta.com.br\/index.php\/wp-json\/wp\/v2\/posts\/26460\/revisions"}],"predecessor-version":[{"id":26462,"href":"https:\/\/portalnewsgta.com.br\/index.php\/wp-json\/wp\/v2\/posts\/26460\/revisions\/26462"}],"wp:featuredmedia":[{"embeddable":true,"href":"https:\/\/portalnewsgta.com.br\/index.php\/wp-json\/wp\/v2\/media\/26461"}],"wp:attachment":[{"href":"https:\/\/portalnewsgta.com.br\/index.php\/wp-json\/wp\/v2\/media?parent=26460"}],"wp:term":[{"taxonomy":"category","embeddable":true,"href":"https:\/\/portalnewsgta.com.br\/index.php\/wp-json\/wp\/v2\/categories?post=26460"},{"taxonomy":"post_tag","embeddable":true,"href":"https:\/\/portalnewsgta.com.br\/index.php\/wp-json\/wp\/v2\/tags?post=26460"}],"curies":[{"name":"wp","href":"https:\/\/api.w.org\/{rel}","templated":true}]}}