{"id":26454,"date":"2024-09-11T08:13:42","date_gmt":"2024-09-11T11:13:42","guid":{"rendered":"https:\/\/portalnewsgta.com.br\/?p=26454"},"modified":"2024-09-11T08:13:42","modified_gmt":"2024-09-11T11:13:42","slug":"governo-muda-tracado-de-projeto-ferroviario-bilionario-em-mt","status":"publish","type":"post","link":"https:\/\/portalnewsgta.com.br\/index.php\/2024\/09\/11\/governo-muda-tracado-de-projeto-ferroviario-bilionario-em-mt\/","title":{"rendered":"Governo muda tra\u00e7ado de projeto ferrovi\u00e1rio bilion\u00e1rio em MT"},"content":{"rendered":"<section class=\"FullLine\">\n<div class=\"conteudo\">\n<h3>Altera\u00e7\u00e3o tenta neutralizar uma a\u00e7\u00e3o do Psol, que contesta o projeto no Supremo Tribunal Federal<\/h3>\n<\/div>\n<\/section>\n<section>\n<div class=\"FullLine\">\n<div class=\"conteudo_foto\">\n<div class=\"imgcontent\">\n<p class=\"credito_foto\"><img loading=\"lazy\" decoding=\"async\" class=\"alignnone size-medium wp-image-26455\" src=\"https:\/\/portalnewsgta.com.br\/wp-content\/uploads\/2024\/09\/3e6d0c751f7d3db173704dee8f9c3686-300x200.jpg\" alt=\"Arquivo\" width=\"300\" height=\"200\" srcset=\"https:\/\/portalnewsgta.com.br\/wp-content\/uploads\/2024\/09\/3e6d0c751f7d3db173704dee8f9c3686-300x200.jpg 300w, https:\/\/portalnewsgta.com.br\/wp-content\/uploads\/2024\/09\/3e6d0c751f7d3db173704dee8f9c3686.jpg 438w\" sizes=\"(max-width: 300px) 100vw, 300px\" \/><\/p>\n<p class=\"descricao_foto\">A ferrovia vai ligar Sinop ao porto de Miritituba, no Par\u00e1<\/p>\n<\/div>\n<\/div>\n<div class=\"Font14Bold\">RAFAEL BITENCOURT E RAFAEL WALENDORFF<br \/>\nDO VALOR ECON\u00d4MICO<\/div>\n<div id=\"texto\" class=\"texto\">\n<p>O governo federal protocolou no Supremo Tribunal Federal (STF) a atualiza\u00e7\u00e3o dos estudos da Ferrogr\u00e3o, megaprojeto ferrovi\u00e1rio que liga um dos maiores centros de produ\u00e7\u00e3o de gr\u00e3os do mundo, em Sinop (MT), aos portos do Arco Norte, em Miritituba (PA). A obra deve custar R$ 30 bilh\u00f5es.<\/p>\n<div class=\"quote-wrapper right\">\n<div class=\"quote-img-wrapper right\"><img decoding=\"async\" class=\"quote-img right\" src=\"https:\/\/www.midianews.com.br\/images\/aspas_right.gif\" \/><\/div>\n<h2 class=\"quote-content\">Acreditamos que as d\u00favidas ser\u00e3o dirimidas e vamos ter a autoriza\u00e7\u00e3o para prosseguir com os tr\u00e2mites<\/h2>\n<\/div>\n<p>&nbsp;<\/p>\n<p>O empreendimento contou com ajuste de tra\u00e7ado, uma nova cartada do Minist\u00e9rio dos Transportes para neutralizar a A\u00e7\u00e3o Direta de Inconstitucionalidade (ADI) movida pelo Psol para barrar o projeto.<\/p>\n<p>&nbsp;<\/p>\n<p>A a\u00e7\u00e3o contesta a mudan\u00e7a no per\u00edmetro do Parque Nacional Jamanxim por meio de medida provis\u00f3ria (MP), ainda na gest\u00e3o do ex-presidente Michel Temer.<\/p>\n<p>&nbsp;<\/p>\n<p>Agora, o governo prop\u00f5e que os trilhos da ferrovia, em 50 quil\u00f4metros dentro do parque, operem mais pr\u00f3ximos da BR-163, na chamada \u201cfaixa de dom\u00ednio\u201d, sem mexer na demarca\u00e7\u00e3o.<\/p>\n<div id=\"taboola-mid-article-thumbnails\" class=\"trc_related_container tbl-trecs-container trc_spotlight_widget trc_elastic trc_elastic_alternating-thumbnails-a-mid-article\" data-placement-name=\"Mid Article Thumbnails\">\n<div class=\"trc_rbox_container\">\n<div>\n<div id=\"trc_wrapper_3237466078\" class=\"trc_rbox alternating-thumbnails-a-mid-article trc-content-hybrid\">\n<div id=\"trc_header_3237466078\" class=\"trc_rbox_header trc_rbox_border_elm\">\n<div class=\"trc_header_ext\"><\/div>\n<\/div>\n<\/div>\n<\/div>\n<\/div>\n<\/div>\n<p>&nbsp;<\/p>\n<p>O argumento de uso da faixa de dom\u00ednio da BR-163 ser\u00e1 defendido, em breve, pelo minist\u00e9rio em audi\u00eancia com o relator do caso, ministro Alexandre Moraes. A expectativa \u00e9 que, de um lado, o ajuste no tra\u00e7ado fa\u00e7a a ADI perder o objeto e, de outro, aumento de recurso para compensa\u00e7\u00e3o socioambiental atenda \u00e0s reivindica\u00e7\u00f5es de entidades envolvidas no debate sobre os impactos do projeto.<\/p>\n<p>&nbsp;<\/p>\n<p>\u00c0 reportagem, o diretor-geral da Ag\u00eancia Nacional de Transportes Terrestres (ANTT), Rafael Vitale, disse que o leil\u00e3o pode sair em 2025, se o STF tiver a mesma compreens\u00e3o. \u201cAcreditamos que as d\u00favidas ser\u00e3o dirimidas e vamos ter a autoriza\u00e7\u00e3o para prosseguir com os tr\u00e2mites. Tendo a autoriza\u00e7\u00e3o do TCU [Tribunal de Contas da Uni\u00e3o], a gente abre o edital e faz leil\u00e3o, no prazo de um ano.\u201d<\/p>\n<p>&nbsp;<\/p>\n<p>O governo ressalta que os recursos para medidas socioambientais correspondem a 6% do investimento no projeto, acima da m\u00e9dia de 1,5% das obras de infraestrutura.<\/p>\n<p>&nbsp;<\/p>\n<p>Dentro das vantagens econ\u00f4micas, \u00e9 refor\u00e7ada a capacidade da ferrovia reduzir 20%, em m\u00e9dia, o custo do frete da produ\u00e7\u00e3o no Mato Grosso, frente ao uso de caminh\u00f5es pela BR-163 ou ferrovias existentes.<\/p>\n<p>&nbsp;<\/p>\n<p>Na quest\u00e3o ambiental, o estudo indica que a Ferrogr\u00e3o pode cortar 40% das emiss\u00f5es de gases de efeito estufa (GEE), menos 3,4 milh\u00f5es de toneladas\/ano de CO2.<\/p>\n<p>&nbsp;<\/p>\n<p>Ambientalistas, de modo geral, reconhecem que o transporte sobre trilhos produz menos danos ambientais para al\u00e9m da redu\u00e7\u00e3o das emiss\u00f5es, pois estradas aceleraram o desmatamento e a atividade ilegal com o efeito de \u201cespinha de peixe\u201d na floresta.<\/p>\n<p>&nbsp;<\/p>\n<p>No caso da Ferrogr\u00e3o, os estudos mostram que 60% do seu trajeto passa por \u00e1rea desmatada. A vegeta\u00e7\u00e3o nativa afetada contar\u00e1 com repara\u00e7\u00e3o com plantio das esp\u00e9cies em \u00e1rea equivalente.<\/p>\n<p>&nbsp;<\/p>\n<p>O estudo refor\u00e7a que o projeto n\u00e3o precisa pedir passagem em terra ind\u00edgena (TI), comunidades quilombolas ou de ribeirinhos. Ainda assim, as terras ind\u00edgenas Praia do Mangue e Praia do \u00cdndio devem passar por oitivas e receber compensa\u00e7\u00e3o por estarem a menos de dez quil\u00f4metros da chegada da ferrovia ao Rio Tapaj\u00f3s (PA).<\/p>\n<p>&nbsp;<\/p>\n<p>\u201cN\u00e3o foram s\u00f3 atualizados n\u00fameros. Temos agora uma agenda de sustentabilidade que n\u00e3o estava na modelagem anterior, um EVTEA [Estudo de Viabilidade T\u00e9cnica, Econ\u00f4mica e Ambiental] bem diferente\u201d, disse George Santoro, secret\u00e1rio executivo do Minist\u00e9rio dos Transportes.<\/p>\n<p>&nbsp;<\/p>\n<p>O subsecret\u00e1rio de sustentabilidade do \u00f3rg\u00e3o, Cloves Benevides, afirmou que, agora, o projeto garante quase R$ 800 milh\u00f5es em investimento voltado para compensa\u00e7\u00e3o socioambiental e mais o repasse anual de R$ 15 milh\u00f5es nos 67 anos do contrato, para apoiar a pol\u00edtica ambiental implantada a partir do projeto.<\/p>\n<p>&nbsp;<\/p>\n<p>Santoro disse que os ajustes foram feitos com base nas discuss\u00f5es com representantes das comunidades ind\u00edgenas e ambientalistas que atuam na regi\u00e3o, dentro do grupo de trabalho (GT) criado na retomada do caso pelo Supremo.<\/p>\n<\/div>\n<\/div>\n<\/section>\n","protected":false},"excerpt":{"rendered":"<p>Altera\u00e7\u00e3o tenta neutralizar uma a\u00e7\u00e3o do Psol, que contesta o projeto no Supremo Tribunal Federal<\/p>\n","protected":false},"author":2,"featured_media":26455,"comment_status":"open","ping_status":"open","sticky":false,"template":"","format":"standard","meta":{"footnotes":""},"categories":[13,2],"tags":[224],"aioseo_notices":[],"_links":{"self":[{"href":"https:\/\/portalnewsgta.com.br\/index.php\/wp-json\/wp\/v2\/posts\/26454"}],"collection":[{"href":"https:\/\/portalnewsgta.com.br\/index.php\/wp-json\/wp\/v2\/posts"}],"about":[{"href":"https:\/\/portalnewsgta.com.br\/index.php\/wp-json\/wp\/v2\/types\/post"}],"author":[{"embeddable":true,"href":"https:\/\/portalnewsgta.com.br\/index.php\/wp-json\/wp\/v2\/users\/2"}],"replies":[{"embeddable":true,"href":"https:\/\/portalnewsgta.com.br\/index.php\/wp-json\/wp\/v2\/comments?post=26454"}],"version-history":[{"count":1,"href":"https:\/\/portalnewsgta.com.br\/index.php\/wp-json\/wp\/v2\/posts\/26454\/revisions"}],"predecessor-version":[{"id":26456,"href":"https:\/\/portalnewsgta.com.br\/index.php\/wp-json\/wp\/v2\/posts\/26454\/revisions\/26456"}],"wp:featuredmedia":[{"embeddable":true,"href":"https:\/\/portalnewsgta.com.br\/index.php\/wp-json\/wp\/v2\/media\/26455"}],"wp:attachment":[{"href":"https:\/\/portalnewsgta.com.br\/index.php\/wp-json\/wp\/v2\/media?parent=26454"}],"wp:term":[{"taxonomy":"category","embeddable":true,"href":"https:\/\/portalnewsgta.com.br\/index.php\/wp-json\/wp\/v2\/categories?post=26454"},{"taxonomy":"post_tag","embeddable":true,"href":"https:\/\/portalnewsgta.com.br\/index.php\/wp-json\/wp\/v2\/tags?post=26454"}],"curies":[{"name":"wp","href":"https:\/\/api.w.org\/{rel}","templated":true}]}}