{"id":26424,"date":"2024-09-11T07:44:11","date_gmt":"2024-09-11T10:44:11","guid":{"rendered":"https:\/\/portalnewsgta.com.br\/?p=26424"},"modified":"2024-09-11T07:44:11","modified_gmt":"2024-09-11T10:44:11","slug":"prefeitura-de-alta-floresta-decreta-situacao-de-emergencia-devido-a-estiagem","status":"publish","type":"post","link":"https:\/\/portalnewsgta.com.br\/index.php\/2024\/09\/11\/prefeitura-de-alta-floresta-decreta-situacao-de-emergencia-devido-a-estiagem\/","title":{"rendered":"Prefeitura de Alta Floresta decreta situa\u00e7\u00e3o de emerg\u00eancia devido \u00e0 estiagem"},"content":{"rendered":"<div class=\"td_block_wrap tdb_single_featured_image tdi_53 tdb-content-horiz-left td-pb-border-top td_block_template_1\" data-td-block-uid=\"tdi_53\">\n<div class=\"tdb-block-inner td-fix-index\">\n<figure><figcaption class=\"tdb-caption-text\">Foto: Arquivo Not\u00edcia Exata<\/figcaption><\/figure>\n<\/div>\n<\/div>\n<div class=\"td_block_wrap tdb_single_content tdi_54 td-pb-border-top td_block_template_1 td-post-content tagdiv-type\" data-td-block-uid=\"tdi_54\">\n<div class=\"tdb-block-inner td-fix-index\">\n<p>A seca severa registrada no munic\u00edpio de Alta Floresta, levou o poder executivo a publicar ontem, ter\u00e7a-feira (10), o decreto N.\u00b0 271\/2024, que declara em situa\u00e7\u00e3o anormal, caracterizada como situa\u00e7\u00e3o de emerg\u00eancia a \u00e1rea do munic\u00edpio.<\/p>\n<p>O decreto levou em considera\u00e7\u00e3o, as condi\u00e7\u00f5es clim\u00e1ticas e meteorol\u00f3gicas adversas, com estiagem prolongada, altas temperaturas, ondas de calor, baixa umidade relativa do ar e intensos ventos, que criam condi\u00e7\u00f5es favor\u00e1veis a ocorr\u00eancia de inc\u00eandios florestais, causando danos ambientais e materiais e preju\u00edzos econ\u00f4micos e sociais a popula\u00e7\u00e3o afetada.<\/p>\n<p>Al\u00e9m disso, a escassez h\u00eddrica gerada pela estiagem tem causado a diminui\u00e7\u00e3o consider\u00e1vel do n\u00edvel de \u00e1gua na capta\u00e7\u00e3o, comprometendo o abastecimento de \u00e1gua em nosso munic\u00edpio.<\/p>\n<p>A situa\u00e7\u00e3o de emerg\u00eancia de que trata o caput vigorar\u00e1 por 120 (cento e vinte) dias.<\/p>\n<p>O decreto estabelece que fica determinada \u00e0 popula\u00e7\u00e3o de Alta Floresta que utilize \u00e1gua pot\u00e1vel de maneira consciente e em especial para consumo humano, sob pena de agravar os efeitos da estiagem.<\/p>\n<p>No per\u00edodo que permanecer a estiagem fica proibido o desperd\u00edcio de \u00e1gua tratada e pot\u00e1vel, bem como sua utiliza\u00e7\u00e3o para lavagem de ve\u00edculos e\/ou maquin\u00e1rios em resid\u00eancia, fachadas, vitrines, cal\u00e7adas, passeios p\u00fablicos, molha\u00e7\u00e3o de ruas, irriga\u00e7\u00e3o cont\u00ednua de plantas e gramados, entre outros.<\/p>\n<p>Considera-se desperd\u00edcio o consumo desnecess\u00e1rio e exagerado e\/ou a neglig\u00eancia no aproveitamento da \u00e1gua pot\u00e1vel.<\/p>\n<p>O descumprimento destas disposi\u00e7\u00f5es sujeitar\u00e1 o infrator \u00e3s san\u00e7\u00f5es administrativas, civis e criminais.<\/p>\n<p>Os agentes fiscais do munic\u00edpio ser\u00e3o respons\u00e1veis pela autua\u00e7\u00e3o dos infratores prevista no par\u00e1grafo anterior.<\/p>\n<\/div>\n<\/div>\n","protected":false},"excerpt":{"rendered":"<p>Foto: Arquivo Not\u00edcia Exata A seca severa registrada no munic\u00edpio de Alta Floresta, levou o<\/p>\n","protected":false},"author":2,"featured_media":26425,"comment_status":"open","ping_status":"open","sticky":false,"template":"","format":"standard","meta":{"footnotes":""},"categories":[7,13],"tags":[216],"aioseo_notices":[],"_links":{"self":[{"href":"https:\/\/portalnewsgta.com.br\/index.php\/wp-json\/wp\/v2\/posts\/26424"}],"collection":[{"href":"https:\/\/portalnewsgta.com.br\/index.php\/wp-json\/wp\/v2\/posts"}],"about":[{"href":"https:\/\/portalnewsgta.com.br\/index.php\/wp-json\/wp\/v2\/types\/post"}],"author":[{"embeddable":true,"href":"https:\/\/portalnewsgta.com.br\/index.php\/wp-json\/wp\/v2\/users\/2"}],"replies":[{"embeddable":true,"href":"https:\/\/portalnewsgta.com.br\/index.php\/wp-json\/wp\/v2\/comments?post=26424"}],"version-history":[{"count":1,"href":"https:\/\/portalnewsgta.com.br\/index.php\/wp-json\/wp\/v2\/posts\/26424\/revisions"}],"predecessor-version":[{"id":26426,"href":"https:\/\/portalnewsgta.com.br\/index.php\/wp-json\/wp\/v2\/posts\/26424\/revisions\/26426"}],"wp:featuredmedia":[{"embeddable":true,"href":"https:\/\/portalnewsgta.com.br\/index.php\/wp-json\/wp\/v2\/media\/26425"}],"wp:attachment":[{"href":"https:\/\/portalnewsgta.com.br\/index.php\/wp-json\/wp\/v2\/media?parent=26424"}],"wp:term":[{"taxonomy":"category","embeddable":true,"href":"https:\/\/portalnewsgta.com.br\/index.php\/wp-json\/wp\/v2\/categories?post=26424"},{"taxonomy":"post_tag","embeddable":true,"href":"https:\/\/portalnewsgta.com.br\/index.php\/wp-json\/wp\/v2\/tags?post=26424"}],"curies":[{"name":"wp","href":"https:\/\/api.w.org\/{rel}","templated":true}]}}