{"id":2538,"date":"2024-04-09T18:20:09","date_gmt":"2024-04-09T21:20:09","guid":{"rendered":"https:\/\/portalnewsgta.com.br\/?p=2538"},"modified":"2024-04-09T18:21:17","modified_gmt":"2024-04-09T21:21:17","slug":"dia-19-de-abril-sera-realizada-a-conferencia-municipal-de-saude-em-guaranta-do-norte","status":"publish","type":"post","link":"https:\/\/portalnewsgta.com.br\/index.php\/2024\/04\/09\/dia-19-de-abril-sera-realizada-a-conferencia-municipal-de-saude-em-guaranta-do-norte\/","title":{"rendered":"Dia 19 de abril ser\u00e1 realizada a confer\u00eancia municipal de sa\u00fade em Guarant\u00e3 do Norte"},"content":{"rendered":"<p><img loading=\"lazy\" decoding=\"async\" class=\"alignnone size-medium wp-image-2542\" src=\"https:\/\/portalnewsgta.com.br\/wp-content\/uploads\/2024\/04\/WhatsApp-Image-2024-04-09-at-15.24.44-1-300x150.jpeg\" alt=\"\" width=\"300\" height=\"150\" srcset=\"https:\/\/portalnewsgta.com.br\/wp-content\/uploads\/2024\/04\/WhatsApp-Image-2024-04-09-at-15.24.44-1-300x150.jpeg 300w, https:\/\/portalnewsgta.com.br\/wp-content\/uploads\/2024\/04\/WhatsApp-Image-2024-04-09-at-15.24.44-1-1024x512.jpeg 1024w, https:\/\/portalnewsgta.com.br\/wp-content\/uploads\/2024\/04\/WhatsApp-Image-2024-04-09-at-15.24.44-1-768x384.jpeg 768w, https:\/\/portalnewsgta.com.br\/wp-content\/uploads\/2024\/04\/WhatsApp-Image-2024-04-09-at-15.24.44-1-1536x768.jpeg 1536w, https:\/\/portalnewsgta.com.br\/wp-content\/uploads\/2024\/04\/WhatsApp-Image-2024-04-09-at-15.24.44-1.jpeg 1600w\" sizes=\"(max-width: 300px) 100vw, 300px\" \/>A cada quatro anos a sa\u00fade p\u00fablica \u00e9 tema de confer\u00eancias municipais, estaduais e federal em todo o Pa\u00eds.<\/p>\n<p>Nestas conferencias s\u00e3o discutidas propostas, reafirmadas as diretrizes do Sistema \u00danico de Sa\u00fade (SUS), estabelecidos di\u00e1logos com a sociedade e avaliados diagn\u00f3sticos para a constru\u00e7\u00e3o dos planos nas tr\u00eas esferas.<\/p>\n<p>Em Guarant\u00e3 do Norte, a Primeira Confer\u00eancia Municipal de Gest\u00e3o do Trabalho e da Educa\u00e7\u00e3o na Sa\u00fade de Guarant\u00e3 do Norte-MT, que \u00e9 a etapa municipal preparat\u00f3ria para a 2\u00aa, Confer\u00eancia Estadual tema central \u201cdemocracia, trabalho e educa\u00e7\u00e3o na sa\u00fade para o desenvolvimento: gente que faz o sus acontecer\u201d vai acontecer no dia 19 de abril na c\u00e2mara municipal.<\/p>\n<p>Os eixos tem\u00e1ticos da I CONFER\u00caNCIA MUNICIPAL DE GEST\u00c3O DO TRABALHO E DA EDUCA\u00c7\u00c3O NA SA\u00daDE s\u00e3o:<\/p>\n<p>I \u2013 Democracia, Controle Social e o desafio da equidade na gest\u00e3o participativa do trabalho e da educa\u00e7\u00e3o em sa\u00fade;<\/p>\n<p>II \u2013 Trabalho digno, decente, seguro, humanizado, equ\u00e2nime e democr\u00e1tico no SUS: Uma agenda estrat\u00e9gica para o futuro do Brasil;<\/p>\n<p>III \u2013 Educa\u00e7\u00e3o para o desenvolvimento do trabalho na produ\u00e7\u00e3o da sa\u00fade e do cuidado das pessoas que fazem o SUS acontecer: A sa\u00fade da democracia para a democracia da Sa\u00fade.<\/p>\n<p>A Presidente do Conselho Municipal de Sa\u00fade Magda Marion Couto, refor\u00e7a o convite para que os profissionais da sa\u00fade e a popula\u00e7\u00e3o participe da confer\u00eancia.<\/p>\n<p>Autor: Ademir Junior<\/p>\n<p>Fonte: CMS. GTA do Norte<\/p>\n<p>Foto: CMS. GTA do Norte<\/p>\n<p>Assista o v\u00eddeo reportagem Ademir Junior<\/p>\n<div style=\"width: 640px;\" class=\"wp-video\"><!--[if lt IE 9]><script>document.createElement('video');<\/script><![endif]-->\n<video class=\"wp-video-shortcode\" id=\"video-2538-1\" width=\"640\" height=\"360\" preload=\"metadata\" controls=\"controls\"><source type=\"video\/mp4\" src=\"https:\/\/portalnewsgta.com.br\/wp-content\/uploads\/2024\/04\/436208236_1368412980484986_9119221691890095978_n.mp4?_=1\" \/><a href=\"https:\/\/portalnewsgta.com.br\/wp-content\/uploads\/2024\/04\/436208236_1368412980484986_9119221691890095978_n.mp4\">https:\/\/portalnewsgta.com.br\/wp-content\/uploads\/2024\/04\/436208236_1368412980484986_9119221691890095978_n.mp4<\/a><\/video><\/div>\n","protected":false},"excerpt":{"rendered":"<p>A cada quatro anos a sa\u00fade p\u00fablica \u00e9 tema de confer\u00eancias municipais, estaduais e federal<\/p>\n","protected":false},"author":2,"featured_media":2544,"comment_status":"open","ping_status":"open","sticky":false,"template":"","format":"standard","meta":{"footnotes":""},"categories":[13,14],"tags":[],"aioseo_notices":[],"_links":{"self":[{"href":"https:\/\/portalnewsgta.com.br\/index.php\/wp-json\/wp\/v2\/posts\/2538"}],"collection":[{"href":"https:\/\/portalnewsgta.com.br\/index.php\/wp-json\/wp\/v2\/posts"}],"about":[{"href":"https:\/\/portalnewsgta.com.br\/index.php\/wp-json\/wp\/v2\/types\/post"}],"author":[{"embeddable":true,"href":"https:\/\/portalnewsgta.com.br\/index.php\/wp-json\/wp\/v2\/users\/2"}],"replies":[{"embeddable":true,"href":"https:\/\/portalnewsgta.com.br\/index.php\/wp-json\/wp\/v2\/comments?post=2538"}],"version-history":[{"count":2,"href":"https:\/\/portalnewsgta.com.br\/index.php\/wp-json\/wp\/v2\/posts\/2538\/revisions"}],"predecessor-version":[{"id":2543,"href":"https:\/\/portalnewsgta.com.br\/index.php\/wp-json\/wp\/v2\/posts\/2538\/revisions\/2543"}],"wp:featuredmedia":[{"embeddable":true,"href":"https:\/\/portalnewsgta.com.br\/index.php\/wp-json\/wp\/v2\/media\/2544"}],"wp:attachment":[{"href":"https:\/\/portalnewsgta.com.br\/index.php\/wp-json\/wp\/v2\/media?parent=2538"}],"wp:term":[{"taxonomy":"category","embeddable":true,"href":"https:\/\/portalnewsgta.com.br\/index.php\/wp-json\/wp\/v2\/categories?post=2538"},{"taxonomy":"post_tag","embeddable":true,"href":"https:\/\/portalnewsgta.com.br\/index.php\/wp-json\/wp\/v2\/tags?post=2538"}],"curies":[{"name":"wp","href":"https:\/\/api.w.org\/{rel}","templated":true}]}}